{"id":657,"date":"2019-04-23T17:32:00","date_gmt":"2019-04-23T17:32:00","guid":{"rendered":"http:\/\/tierra.jerrejerre.com\/es\/?p=657"},"modified":"2021-05-01T21:43:13","modified_gmt":"2021-05-01T21:43:13","slug":"sin-territorio-no-somos-nada","status":"publish","type":"post","link":"https:\/\/tierraderesistentes.com\/es\/2019\/04\/23\/sin-territorio-no-somos-nada\/","title":{"rendered":"\u00abSin territorio no somos nada\u00bb"},"content":{"rendered":"\n<p class=\"has-text-color has-small-font-size\" style=\"color: #0f0f0f; max-width: 830px; margin-top: 0px; margin-bottom: 68px;\"><em><strong>Quienes defienden la Sierra Tarahumara, una de las zonas boscosas m\u00e1s importantes de M\u00e9xico, se enfrentan al narcotr\u00e1fico, a caciques locales, a la imposici\u00f3n de proyectos extractivos y a la indiferencia gubernamental. Esos defensores son, en su mayor\u00eda, ind\u00edgenas cuya identidad se forj\u00f3 entre monta\u00f1as, barrancos, pinos y manantiales. Sin ese territorio, dicen, ellos no son nada. Por eso lo protegen. Por eso se niegan a que se talen sus bosques y a que sus manantiales se sequen. Por eso enfrentan a quienes buscan cortar sus ra\u00edces.<\/strong><\/em><\/p>\n\n\n\n<\/p>\n<p>Cuando alguien de su familia muere, los <span class=\"td_text_highlight_marker\" style=\"background-color: #374141;\">ind\u00edgenas rar\u00e1muri<\/span> de Coloradas de la Virgen tienen una costumbre: a los ocho d\u00edas toman <em>tesg\u00fcino<\/em> \u2014bebida tradicional de ma\u00edz fermentado\u2014, re\u00fanen las cosas que le gustaban al difunto, lo que sembraba, todo aquello que lo identificaba y se lo entregan en forma simb\u00f3lica. Le hablan, le aconsejan. Le dicen que ya no regrese, que ya est\u00e1 con la gente que muri\u00f3. Que se quede all\u00e1. Que descanse.<\/p>\n\n\n\n<p style=\"max-width:860px\">\u2014Eso tiene que hacerse tres veces si es hombre el que muri\u00f3. Si es mujer, se hace cuatro veces \u2014explica un m\u00e9dico tradicional rar\u00e1muri, defensor de los bosques de su territorio y amigo de Juli\u00e1n Carrillo Mart\u00ednez, tambi\u00e9n rar\u00e1muri, <a href=\"https:\/\/www.amnesty.org\/es\/latest\/news\/2018\/10\/mexico-asesinato-de-lider-raramuri-demuestra-falta-de-proteccion-estatal\/\">asesinado<\/a> el 24 de octubre de 2018 en Coloradas de la Virgen, comunidad de la Sierra Tarahumara localizada en el estado mexicano de Chihuahua.<\/p>\n\n\n\n<p><strong>A Juli\u00e1n lo mataron y, al siguiente d\u00eda, su familia dej\u00f3 Coloradas de la Virgen<\/strong>. Los asesinos pod\u00edan regresar a matarlos a ellos tambi\u00e9n. Dejaron su casa, sus pertenencias y sus animales. No los dejaron cumplir con su costumbre. Juli\u00e1n no tuvo una despedida como lo marca la tradici\u00f3n de su comunidad.<\/p>\n\n\n\n<p style=\"max-width:860px\">\u2014<strong>\u00c9l sab\u00eda que lo quer\u00edan matar<\/strong> \u2014dice en rar\u00e1muri Mar\u00eda, esposa de Juli\u00e1n. El m\u00e9dico tradicional traduce sus palabras al espa\u00f1ol\u2014 Dec\u00eda que cuando le pasara algo, no dej\u00e1ramos el rancho. Si sal\u00edamos ya no \u00edbamos a poder regresar a la tierra. Pero tuvimos que salir.<\/p>\n\n\n\n<p>Mar\u00eda ha padecido la muerte de su gente. En febrero de 2016 asesinaron a su hijo V\u00edctor Carrillo. En diciembre de ese a\u00f1o, quemaron su casa. En 2017 mataron a dos de sus sobrinos y en julio de 2018 a su yerno. Y ahora tambi\u00e9n est\u00e1 sin Juli\u00e1n, lejos de su casa y desplazada con sus cuatro hijos, dos nueras y cuatro nietos en una ciudad del norte del pa\u00eds.<\/p>\n\n\n\n<p>Las amenazas contra la comunidad de Coloradas de la Virgen \u2014entre ellos Juli\u00e1n y su familia\u2014 llevaban a\u00f1os. <strong>Se desataron a\u00fan m\u00e1s cuando los ind\u00edgenas emprendieron una lucha jur\u00eddica para evitar que se talaran los \u00e1rboles<\/strong> que crecen en el territorio que habitaron sus padres, sus abuelos y los padres de sus abuelos.<\/p>\n\n\n\n<figure class=\"wp-block-image alignfull size-large td-caption-align-left\"><img loading=\"lazy\" decoding=\"async\" width=\"1024\" height=\"683\" src=\"https:\/\/media.tierraderesistentes.com\/wp-content\/uploads\/2020\/04\/19212127\/JULIAN-CARRILLO-compressed-2-compressed-1-1024x683.jpg\" alt=\"\" class=\"wp-image-2904\" srcset=\"https:\/\/media.tierraderesistentes.com\/wp-content\/uploads\/2020\/04\/19212127\/JULIAN-CARRILLO-compressed-2-compressed-1-1024x683.jpg 1024w, https:\/\/media.tierraderesistentes.com\/wp-content\/uploads\/2020\/04\/19212127\/JULIAN-CARRILLO-compressed-2-compressed-1-300x200.jpg 300w, https:\/\/media.tierraderesistentes.com\/wp-content\/uploads\/2020\/04\/19212127\/JULIAN-CARRILLO-compressed-2-compressed-1-768x512.jpg 768w, https:\/\/media.tierraderesistentes.com\/wp-content\/uploads\/2020\/04\/19212127\/JULIAN-CARRILLO-compressed-2-compressed-1-1536x1024.jpg 1536w, https:\/\/media.tierraderesistentes.com\/wp-content\/uploads\/2020\/04\/19212127\/JULIAN-CARRILLO-compressed-2-compressed-1-2048x1365.jpg 2048w\" sizes=\"auto, (max-width: 1024px) 100vw, 1024px\" \/><figcaption>Fotograf\u00eda de Juli\u00e1n Carrillo, asesinado en octubre de 2018, de la Sierra Tarahumara, Estado de Chihuahua, M\u00e9xico, febrero 4, 2019. (Ginnette Riquelme)<\/figcaption><\/figure>\n\n\n\n<p>Cuando lo mataron, Juli\u00e1n era el presidente de bienes comunales. Su funci\u00f3n era cuidar todo aquello que es de la comunidad: \u00e1rboles, agua y territorio.<\/p>\n\n\n\n<p>Semanas antes de su asesinato, se enter\u00f3 que el gobierno mexicano dio concesiones mineras en Coloradas de la Virgen.<\/p>\n\n\n\n<p>Una de esas concesiones se otorg\u00f3 a<span class=\"td_text_highlight_marker\" style=\"background-color: #374141;\"> Mario Humberto Ayub Touche<\/span>, importante empresario de Chihuahua, y a dos hijos de Artemio Fontes Lugo, cacique local que desde hace tiempo ha sido denunciado por los propios ind\u00edgenas como el responsable de talar su bosque, de ser parte de los grupos de narcotr\u00e1fico de la regi\u00f3n y del despojo de su territorio.<\/p>\n\n\n\n<p>A Juli\u00e1n lo asesinaron poco despu\u00e9s de que <strong>\u00e9l y sus compa\u00f1eros en la defensa de los bosques de Coloradas de la Virgen comenzaron a denunciar la existencia de esas concesiones mineras<\/strong> para exploraci\u00f3n y explotaci\u00f3n de minerales en su comunidad.<\/p>\n\n\n\n<p>Coloradas de la Virgen es s\u00f3lo una de varias comunidades que en la Sierra Tarahumara defienden sus recursos naturales y su territorio de caciques locales, concesiones mineras, proyectos tur\u00edsticos, tala ilegal y narcotr\u00e1fico.<\/p>\n\n\n\n<h2 class=\"wp-block-heading\" style=\"margin-top:80px\">Defender un territorio ancestral<\/h2>\n\n\n\n<p>En el sur del estado de Chihuahua y de la Sierra Tarahumara, en el municipio de Guadalupe y Calvo, est\u00e1 Coloradas de la Virgen: <strong>un territorio de m\u00e1s de 49 mil 500 hect\u00e1reas que comparten ind\u00edgenas rar\u00e1muri y, en menor medida \u00f3dami, quienes viven dispersos en unos 50 peque\u00f1os ranchos<\/strong>.<\/p>\n\n\n\n<p>En esa tierra naci\u00f3 Juli\u00e1n. \u00c9l y sus compa\u00f1eros en la defensa del bosque heredaron una lucha que comenzaron sus padres a\u00f1os atr\u00e1s. <strong>Desde 1934, los ind\u00edgenas de Coloradas de la Virgen reclaman sin \u00e9xito el reconocimiento de su territorio<\/strong>.<\/p>\n\n\n\n<p>En 1953, cuando ya hab\u00edan fallecido varios de los primeros ind\u00edgenas que impulsaron el reconocimiento de sus tierras, el gobierno mexicano registr\u00f3 la parte m\u00e1s boscosa como un ejido. El resto, sobre todo la zona de barrancas, se qued\u00f3 como una comunidad agraria.\u00bb<\/p>\n\n\n\n<blockquote class=\"wp-block-quote is-layout-flow wp-block-quote-is-layout-flow\"><p>\u00abLa gente de ese tiempo lo dej\u00f3 quedarse\u2026 Despu\u00e9s ya no se quisieron ir. Comenzaron a sembrar amapola y marihuana y a talar\u00bb<\/p><\/blockquote>\n\n\n\n<p>En 1992 se realiz\u00f3 una asamblea para depurar la lista de ejidatarios, porque muchos hab\u00edan fallecido. Juli\u00e1n y otros habitantes de Coloradas denunciaron que durante esa asamblea se presentaron varias irregularidades: <strong>los acuerdos fueron avalados con firmas y \u201chuellas digitales\u201d de ind\u00edgenas que para esa fecha ya estaban muertos<\/strong>. Y se incluy\u00f3 a 78 nuevos miembros del ejido, la mayor\u00eda no ind\u00edgenas, entre ellos Artemio Fontes Lugo, sus familiares y trabajadores.<\/p>\n\n\n\n<p>Artemio Fontes Lugo se instal\u00f3 en Coloradas de la Virgen en la d\u00e9cada de los 70.  \u201cLleg\u00f3 con su familia. \u2014cuentan los m\u00e1s ancianos de la comunidad\u2014 La gente de ese tiempo lo dej\u00f3 quedarse\u2026 Despu\u00e9s ya no se quisieron ir. Comenzaron a sembrar amapola y marihuana y a talar\u201d.<\/p>\n\n\n\n<p>Los ind\u00edgenas denunciaron los abusos de la familia Fontes, pero eso poco import\u00f3 a las autoridades ambientales mexicanas que, en abril de 2007, otorgaron al ejido \u2014bajo el control de Artemio Fontes Lugo\u2014 <span class=\"td_text_highlight_marker\" style=\"background-color: #374141;\">permisos de aprovechamiento forestal<\/span> para explotar el bosque de Coloradas de la Virgen.<\/p>\n\n\n\n<p>Fue entonces cuando <strong>ind\u00edgenas rar\u00e1muri y \u00f3dami, asesorados por la organizaci\u00f3n Alianza Sierra Madre, decidieron emprender una lucha legal<\/strong> para solicitar la cancelaci\u00f3n de los permisos de aprovechamiento forestal y para el reconocimiento de su derecho al territorio que han ocupado por generaciones.<\/p>\n\n\n\n<h2 class=\"wp-block-heading\" style=\"margin-top:80px\">Amapola, en lugar de \u00e1rboles<\/h2>\n\n\n\n<figure class=\"wp-block-image alignfull size-large\"><img loading=\"lazy\" decoding=\"async\" width=\"1024\" height=\"671\" src=\"https:\/\/media.tierraderesistentes.com\/wp-content\/uploads\/2020\/04\/19212130\/SIERRA-TARAHUMARA-1024x671.jpg\" alt=\"\" class=\"wp-image-2892\" srcset=\"https:\/\/media.tierraderesistentes.com\/wp-content\/uploads\/2020\/04\/19212130\/SIERRA-TARAHUMARA-1024x671.jpg 1024w, https:\/\/media.tierraderesistentes.com\/wp-content\/uploads\/2020\/04\/19212130\/SIERRA-TARAHUMARA-300x197.jpg 300w, https:\/\/media.tierraderesistentes.com\/wp-content\/uploads\/2020\/04\/19212130\/SIERRA-TARAHUMARA-768x504.jpg 768w, https:\/\/media.tierraderesistentes.com\/wp-content\/uploads\/2020\/04\/19212130\/SIERRA-TARAHUMARA-1536x1007.jpg 1536w, https:\/\/media.tierraderesistentes.com\/wp-content\/uploads\/2020\/04\/19212130\/SIERRA-TARAHUMARA-2048x1343.jpg 2048w\" sizes=\"auto, (max-width: 1024px) 100vw, 1024px\" \/><figcaption>Por lo menos 15 defensores han sido asesinados entre 2009 y 2018 por defender este territorio. Cr\u00e9dito: Ginnette Riquelme.<\/figcaption><\/figure>\n\n\n\n<p>Chihuahua, en la zona norte de M\u00e9xico, es el estado con <strong>una de las superficies forestales m\u00e1s importantes del pa\u00eds: 16.5 millones de hect\u00e1reas<\/strong>, de las cuales 7.6 millones son bosques de con\u00edferas y selva baja caducifolia, ecosistemas que se concentran en las monta\u00f1as, barrancos y valles que dan forma a la Tarahumara.<\/p>\n\n\n\n<p>En los manantiales que hay en esta sierra surge y se capta buena parte del agua que se dispersa por la zona semides\u00e9rtica de Chihuahua y que nutre a muchas zonas agr\u00edcolas de Sinaloa, se\u00f1ala el investigador Salvador Anta Fonseca, del Consejo Civil Mexicano para la Silvicultura Sostenible.<\/p>\n\n\n\n<p>Tambi\u00e9n es una de las regiones con m\u00e1s da\u00f1o en su cobertura arb\u00f3rea. <strong>De 2001 a 2017, perdi\u00f3 19,100 hect\u00e1reas, seg\u00fan la <a href=\"https:\/\/www.globalforestwatch.org\/map\/country\/MEX\/6?mainMap=eyJzaG93QW5hbHlzaXMiOnRydWV9&#038;map=eyJ6b29tIjo3LjE4MjE4MjY5MTkwNTIzLCJjZW50ZXIiOnsibGF0IjoyOS43ODE3MDk1MzYxNzIyNTQsImxuZyI6LTEwOC45MTU1MzA5NTU3NDMzNH0sImNhbkJvdW5kIjpmYWxzZSwiYmJveCI6bnVsbH0%3D&#038;modalMeta=eyJtZXRha2V5IjoiIiwibWV0YVdoaXRlbGlzdCI6W10sInRhYmxlV2hpdGVsaXN0IjpbXSwiY2l0YXRpb24iOiIifQ%3D%3D\">iniciativa<\/a> de monitoreo Global Forest Watch<\/strong>. Los a\u00f1os en los que se registraron las mayores afectaciones fueron 2012 (casi 4,500 hect\u00e1reas) y 2017 (cerca de 2,000 hect\u00e1reas).<\/p>\n\n\n\n<p>Guadalupe y Calvo, donde se ubica Coloradas de la Virgen, es uno de los municipios con m\u00e1s <span class=\"td_text_highlight_marker\" style=\"background-color: #374141;\">p\u00e9rdida de \u00e1rboles<\/span>: de 2001 a 2017, por lo menos, <a href=\"https:\/\/www.globalforestwatch.org\/map\/country\/MEX\/6\/28?mainMap=eyJzaG93QW5hbHlzaXMiOnRydWV9&#038;map=eyJ6b29tIjo4Ljc1NzQ4MDU0Njk2NTY0MiwiY2VudGVyIjp7ImxhdCI6MjYuMTUzNTY5MTI1MzA5MDg3LCJsbmciOi0xMDcuMTUwNTEyNjk1MjY1NTN9LCJjYW5Cb3VuZCI6dHJ1ZSwiYmJveCI6Wy0xMDcuODA2NDg4MDM3MTA5LDI1LjU4NzEwMDk4MjY2NiwtMTA2LjQ5NDUzNzM1MzUxNiwyNi43MTczMDA0MTUwMzkxXX0%3D&#038;menu=eyJkYXRhc2V0Q2F0ZWdvcnkiOiJmb3Jlc3RDaGFuZ2UiLCJtZW51U2VjdGlvbiI6IiJ9&#038;modalMeta=eyJtZXRha2V5IjoiIiwibWV0YVdoaXRlbGlzdCI6W10sInRhYmxlV2hpdGVsaXN0IjpbXSwiY2l0YXRpb24iOiIifQ%3D%3D\">3,014 hect\u00e1reas<\/a> registraron esta situaci\u00f3n, seg\u00fan datos de Global Forest Watch. Los a\u00f1os m\u00e1s cr\u00edticos fueron 2011, 2016 y 2017.<\/p>\n\n\n\n<p>Quienes crecieron en Coloradas de la Virgen recuerdan que el desmonte comenz\u00f3 m\u00e1s fuerte desde los ochenta. <strong>A partir de entonces, llega gente de afuera de la comunidad, elige el lugar que les gusta para sembrar marihuana y amapola y empieza a <em>tumbar<\/em><\/strong>. A veces le prenden fuego al lugar arrasado. Pero la mayor\u00eda de las veces sacan la madera en rollo y la venden en aserraderos de la ciudad de Parral.<\/p>\n\n\n\n<p>Eso que suced\u00eda s\u00f3lo en algunas comunidades comenz\u00f3 a extenderse por varias regiones de la Tarahumara, sobre todo a partir de 2008, cuando el gobierno federal del entonces presidente Felipe Calder\u00f3n <a href=\"https:\/\/www.nexos.com.mx\/?p=31818\">emprendi\u00f3<\/a> lo que llam\u00f3 la \u201cguerra\u201d contra el narcotr\u00e1fico. A partir de ese momento, <strong>la regi\u00f3n serrana de Chihuahua se convirti\u00f3 en zona de disputa para diferentes grupos que, adem\u00e1s de buscar el control en la siembra de amapola, tambi\u00e9n se han dedicado a despojar a las comunidades de su territorio y recursos naturales<\/strong>.<\/p>\n\n\n\n<p>En 1996 se ten\u00edan identificados cinco municipios de la sierra en donde se sembraba droga. Hoy el n\u00famero llega a 20, seg\u00fan el <a href=\"http:\/\/kwira.org\/wp-content\/uploads\/Diagnostico-integrado-Contec.pdf\">informe<\/a> <em>Diagn\u00f3stico y Propuestas sobre la violencia en la Sierra Tarahumara<\/em> que la asociaci\u00f3n civil Consultor\u00eda T\u00e9cnica Comunitaria (Contec) public\u00f3 en 2018.<\/p>\n\n\n\n<p>Ese documento tambi\u00e9n se\u00f1ala que en la Tarahumara dej\u00f3 de sembrarse marihuana a partir de 2012 \u2014cuando comenz\u00f3 a legalizarse su consumo en algunos territorios de Estados Unidos\u2014, pero aument\u00f3 el cultivo de amapola.<\/p>\n\n\n\n<blockquote class=\"wp-block-quote is-layout-flow wp-block-quote-is-layout-flow\"><p>En M\u00e9xico, la superficie de cultivo de amapola pas\u00f3 de 25,200 a 30,600 hect\u00e1reas de 2016 a 2017<\/p><\/blockquote>\n\n\n\n<p>En M\u00e9xico, la superficie de cultivo de amapola pas\u00f3 de 25,200 a 30,600 hect\u00e1reas de 2016 a 2017, de acuerdo con el <a href=\"https:\/\/www.unodc.org\/documents\/crop-monitoring\/Mexico\/Mexico-Monitoreo-Cultivos-Amapola-2015-2017.pdf\">monitoreo<\/a> realizado por la Oficina de las Naciones Unidas contra la Droga y el Delito (Unodc) y el gobierno mexicano.<\/p>\n\n\n\n<p>Ese reporte se\u00f1ala que la zona conocida como \u201cEl Tri\u00e1ngulo Dorado\u201d, donde comparten territorio los estados de Sinaloa, Durango y Chihuahua (el sur de la sierra Tarahumara), est\u00e1 entre las principales productoras de amapola en el pa\u00eds.<\/p>\n\n\n\n<p>El m\u00e9dico tradicional \u2014quien ha recibido amenazas y por ello pide que no se publique su nombre\u2014 explica c\u00f3mo su comunidad comenz\u00f3 a resentir la p\u00e9rdida de su bosque:<\/p>\n\n\n\n<p style=\"max-width:860px\">\u2014<strong>Antes de que empezaran a talar todos los a\u00f1os hab\u00eda buena agua, hab\u00eda mucha nieve, hab\u00eda una vida para nosotros: una buena cosecha, llov\u00eda mucho, no se secaban los arroyos<\/strong>. Si se acaba la madera se secan los manantiales que hay en el campo. Se acaban hasta el animal que es silvestre. Todo se acaba. Y si hay madera, todo vive.<\/p>\n\n\n\n<h2 class=\"wp-block-heading\" style=\"margin-top:80px\">Alimentar los manantiales<\/h2>\n\n\n\n<p>Las mujeres rar\u00e1muri se re\u00fanen en la escuela de Bahuinocachi para hablar de lo que han padecido en los \u00faltimos meses. Para llegar aqu\u00ed, algunas caminaron poco m\u00e1s de media hora. <strong>En su trayecto pasaron por los restos de lo era parte de su bosque. Ahora s\u00f3lo quedan ramas desperdigadas y tocones aferrados a\u00fan a la tierra<\/strong>.<\/p>\n\n\n\n<p>S\u00f3lo las mujeres \u2014con sus cabezas cubiertas con paliacates y sus cuerpos arropados con rebozos\u2014 asistieron a esta reuni\u00f3n. Los hombres se fueron a trabajar al campo o se quedaron en sus casas. Son ellas las que se atreven a contar. Lo hacen en orden, sin arrebatarse la palabra:<\/p>\n\n\n\n<p>Los primeros talamontes llegaron a esta regi\u00f3n del municipio de Bocoyna en febrero de 2018. <strong>Talaban durante el d\u00eda, pero tambi\u00e9n en la noche. Lo hicieron durante meses.<\/strong> De poco sirvieron las piedras que se colocaron en los caminos para cerrarles el paso o las denuncias que se hicieron ante las autoridades ambientales, estatales o federales. Los inspectores y los polic\u00edas que llegaron a ir al lugar s\u00f3lo recorr\u00edan algunas \u00e1reas, pero no entraban a la zona m\u00e1s afectada.<\/p>\n\n\n\n<p>Fue hasta el 26 de octubre de 2018 \u2014cuando ya se hab\u00edan talado 5,000 \u00e1rboles, en un \u00e1rea de 226 hect\u00e1reas\u2014 que al lugar arribaron <span class=\"td_text_highlight_marker\" style=\"background-color: #374141;\">funcionarios federales y estatales<\/span>, entre ellos el gobernador del estado, Javier Corral. <a href=\"http:\/\/www.cambio16.gob.mx\/spip.php?article2389\">Prometieron<\/a> una estrategia para combatir la tala ilegal en la Tarahumara. <strong>No pasaron ni quince d\u00edas cuando los talamontes regresaron<\/strong>.<\/p>\n\n\n\n<p>Las mujeres de Bahuinocachi hablan quedito, como si surruraran un secreto:<\/p>\n\n\n\n<p style=\"max-width:860px\">\u2014Ahora que regresaron a cortar, pues ya est\u00e1n <em>tirando<\/em> todo. Todo lo est\u00e1n dejando bien pel\u00f3n.<\/p>\n\n\n\n<p style=\"max-width:860px\">\u2014Y nosotros sin poder hacer nada, porque ellos andan armados.<\/p>\n\n\n\n<p style=\"max-width:860px\">\u2014Ahorita ya destruyeron todo. \u00a1Y, ahora, para que vuelva a crecer!<\/p>\n\n\n\n<p style=\"max-width:860px\">\u2014Van a pasar 20 o 30 a\u00f1os para que los chiquitos sean pinos grandes, con buena semilla. Nosotros ya estuvimos plantando pinos, pero a ver si crecen, porque no hay pinos grandes que los protejan del fr\u00edo. Les pega el hielo y as\u00ed se secan m\u00e1s f\u00e1cil.<\/p>\n\n\n\n<p>Las mujeres recuerdan lo que sus padres les dec\u00edan: los \u00e1rboles que est\u00e1n cerca de los manantiales no se deben <em>tumbar<\/em>, porque al hacerlo \u201cse va el agua\u201d.<\/p>\n\n\n\n<p>De sus abuelos aprendieron un ritual \u201cm\u00e1s antiguo\u201d: <strong>alimentan a los manantiales con pinole (harina tradicional elaborada con ma\u00edz) y con tortilla.<\/strong> Y cuando lo hacen, platican con el agua que nace en ese lugar.<\/p>\n\n\n\n<p style=\"max-width:860px\">\u2014Le decimos que no se vaya. Le damos de comer para que tenga fuerza y no se vaya de ah\u00ed. Para que sigamos teniendo vida nosotros, toda nuestra familia y tambi\u00e9n los animales. Todo eso le platica uno al manantial.<\/p>\n\n\n\n<figure><iframe loading=\"lazy\" src=\"https:\/\/www.youtube.com\/embed\/yIIQhmSWmPQ?feature=oembed\" width=\"100%\" height=\"500\" allowfullscreen=\"allowfullscreen\"><\/iframe><\/figure>\n\n\n\n<p>Cuando se les pregunta a las mujeres si en rar\u00e1muri hay una palabra para nombrar a los cerros o monta\u00f1as que ya se quedaron sin \u00e1rboles, ellas se miran unas a otras, hablan en su idioma y <strong>despu\u00e9s de un rato explican que a esos lugares les llaman \u201ccerro pel\u00f3n: un lugar donde ya no hay nada\u201d<\/strong>.<\/p>\n\n\n\n<p>Antes de que las mujeres de Bahuinocachi denunciaran lo que pasaba en sus tierras, otras zonas del municipio de Bocoyna ya hab\u00edan sufrido la tala ilegal e incendios provocados.<\/p>\n\n\n\n<p>En julio de 2017, comunidades y ejidos ind\u00edgenas de los municipios de Bocoyna, Carich\u00ed y Guachochi, as\u00ed como organizaciones civiles, <a href=\"http:\/\/kwira.org\/pronunciamiento-bosque-tarahumara\/\">solicitaron<\/a> a las autoridades federales y estatales replantear la pol\u00edtica forestal y \u201cponerle un alto a la devastaci\u00f3n de los bosques de la Sierra Tarahumara\u201d.<\/p>\n\n\n\n<p>Insistieron en lo que muchas comunidades han denunciado: grupos ligados al <span class=\"td_text_highlight_marker\" style=\"background-color: #374141;\">crimen organizado<\/span> talan, y despu\u00e9s incendian, grandes extensiones.<\/p>\n\n\n\n<figure class=\"wp-block-image alignfull size-large\"><img loading=\"lazy\" decoding=\"async\" width=\"1024\" height=\"687\" src=\"https:\/\/tierra.jerre-dev.xyz\/wp-content\/uploads\/2020\/04\/MUJERES-DESPLAZADAS-DE-COLORADAS-DE-LA-VIRGEN-1024x687.jpg\" alt=\"\" class=\"wp-image-2893\" srcset=\"https:\/\/media.tierraderesistentes.com\/wp-content\/uploads\/2020\/04\/19212129\/MUJERES-DESPLAZADAS-DE-COLORADAS-DE-LA-VIRGEN-1024x687.jpg 1024w, https:\/\/media.tierraderesistentes.com\/wp-content\/uploads\/2020\/04\/19212129\/MUJERES-DESPLAZADAS-DE-COLORADAS-DE-LA-VIRGEN-300x201.jpg 300w, https:\/\/media.tierraderesistentes.com\/wp-content\/uploads\/2020\/04\/19212129\/MUJERES-DESPLAZADAS-DE-COLORADAS-DE-LA-VIRGEN-768x516.jpg 768w, https:\/\/media.tierraderesistentes.com\/wp-content\/uploads\/2020\/04\/19212129\/MUJERES-DESPLAZADAS-DE-COLORADAS-DE-LA-VIRGEN.jpg 1342w\" sizes=\"auto, (max-width: 1024px) 100vw, 1024px\" \/><figcaption>Decenas de familias ind\u00edgenas de la Sierra Tarahumara han sido desplazadas de sus comunidades por los grupos que controlan la tala ilegal y el cultivo de amapola. Las tres mujeres son desplazadas de Coloradas de la Virgen. Cr\u00e9dito: Ginnette Riquelme.<\/figcaption><\/figure>\n\n\n\n<h2 class=\"wp-block-heading\" style=\"margin-top:80px\">El control de la madera<\/h2>\n\n\n\n<p>En alg\u00fan tiempo cerca de 480 familias rar\u00e1muri viv\u00edan en una comunidad llamada El Manzano, en el municipio de Urique. Hoy el n\u00famero de habitantes es incierto.<\/p>\n\n\n\n<p>El Manzano comenz\u00f3 a cambiar cuando se hizo cada vez m\u00e1s com\u00fan mirar a hombres armados que no eran de la comunidad.<\/p>\n\n\n\n<p>Antes \u2014cuentan quienes viv\u00edan ah\u00ed\u2014 eran pocas las familias dedicadas a la siembra de marihuana y amapola; ellas pod\u00edan vender su cosecha al mejor postor. <strong>Por un kilo de goma de opio, por ejemplo, llegaban a recibir hasta 15,000 pesos (780 d\u00f3lares). Los \u201cde afuera\u201d llegaban, compraban y se iban<\/strong>.<\/p>\n\n\n\n<p>Pero a partir de 2011, \u201clos de afuera\u201d se quedaban y obligaban a que la gente sembrara, pero tambi\u00e9n a que s\u00f3lo les vendieran a ellos. El pago por un kilo de goma de opio disminuy\u00f3 hasta llegar a 3,000 pesos (156 d\u00f3lares).<\/p>\n\n\n\n<p>Los mismos hombres que controlaban la siembra de amapola \u201creclutaban\u201d a j\u00f3venes de la comunidad: los sub\u00edan a sus camionetas, los manten\u00edan secuestrados algunos d\u00edas, los amenazaban y obligaban a \u201ctrabajar\u201d como <em>sicarios<\/em>. Si alguien se negaba, lo mataban. As\u00ed lo hicieron con Benjam\u00edn S\u00e1nchez, asesinado el 27 de febrero de 2015.<\/p>\n\n\n\n<p>La familia de Benjam\u00edn fue forzada a desplazarse del Manzano. Les siguieron otras familias. Lo mismo vivieron habitantes de, por lo menos, diez comunidades del Ejido Rocoroyvo, en el municipio de Urique, de acuerdo con testimonios de personas desplazadas que, por seguridad, piden no publicar su nombre y que ahora, incluso, tienen <span class=\"td_text_highlight_marker\" style=\"background-color: #374141;\">medidas cautelares<\/span> otorgadas por la Comisi\u00f3n Interamericana de Derechos Humanos (CIDH).<\/p>\n\n\n\n<p>El desplazamiento de la poblaci\u00f3n aument\u00f3 cuando el grupo que controla la zona decidi\u00f3 imponer sus propias reglas, incluso, con el manejo de los bosques: <strong>los ejidatarios s\u00f3lo les pueden vender a ellos sus troncos. Los ejidos que se niegan a hacerlo, no pueden comercializar su madera<\/strong>.<\/p>\n\n\n\n<blockquote class=\"wp-block-quote is-style-large is-layout-flow wp-block-quote-is-layout-flow\"><p>\u201cLa explotaci\u00f3n forestal \u2014se <a href=\"http:\/\/kwira.org\/wp-content\/uploads\/Diagnostico-integrado-Contec.pdf\">remarca<\/a> en el informe de Contec\u2014 no ha significado beneficio alguno para las comunidades ind\u00edgenas, que no tienen voz ni voto en las asambleas ejidales, aunque vivan dentro de los ejidos y propiedades privadas\u201d<\/p><\/blockquote>\n\n\n\n<p>A otros ejidos \u2014han documentado las organizaciones, entre ellas Contec\u2014 les exigen los documentos oficiales y con ellos \u201clegalizan\u201d la tala ilegal.<\/p>\n\n\n\n<p>En la <a href=\"http:\/\/kwira.org\/wp-content\/uploads\/Diagnostico-integrado-Contec.pdf\">publicaci\u00f3n<\/a> <em>Diagn\u00f3stico y Propuestas sobre la violencia en la Sierra Tarahumara<\/em> se se\u00f1ala que en la zona existe \u201cun control de la actividad forestal por parte del crimen organizado, control que va desde el robo de gu\u00edas (documentos para certificar que un \u00e1rbol se tal\u00f3 en forma legal), corta ilegal y legal, transporte y comercializaci\u00f3n, o incluso una veda regional por oponerse a vender a los criminales\u201d.<\/p>\n\n\n\n<p>En el informe de Contec tambi\u00e9n se resalta que las <span class=\"td_text_highlight_marker\" style=\"background-color: #374141;\">autoridades ambientales federales<\/span> otorgan permisos de aprovechamiento forestal en zonas habitadas por comunidades ind\u00edgenas, sin realizar una consulta previa a esta poblaci\u00f3n, como lo marca la legislaci\u00f3n internacional y nacional.<\/p>\n\n\n\n<p>Ejemplo de ello son los casos de Coloradas de la Virgen, Chor\u00e9achi y Bosque de San El\u00edas Repechique, los cuales han tenido que exigir en tribunales que se cancelen esos permisos.<\/p>\n\n\n\n<figure><iframe loading=\"lazy\" style=\"background-color: #0f0f0f;\" src=\"https:\/\/contralacorrupcion.mx\/tarahumara\/chihuahua_espanol.html\" width=\"100%\" height=\"700\"><\/iframe><\/figure>\n\n\n\n<p>\u201cLa explotaci\u00f3n forestal \u2014se <a href=\"http:\/\/kwira.org\/wp-content\/uploads\/Diagnostico-integrado-Contec.pdf\">remarca<\/a> en el informe de Contec\u2014 no ha significado beneficio alguno para las comunidades ind\u00edgenas, que no tienen voz ni voto en las asambleas ejidales, aunque vivan dentro de los ejidos y propiedades privadas\u201d.<\/p>\n\n\n\n<p>Ese mismo documento se\u00f1ala que \u201c<strong>el uso intensivo del bosque, por los aprovechamientos forestales legales e ilegales, ha impactado seriamente las condiciones de vida de las comunidades ind\u00edgenas<\/strong>, tanto en el uso dom\u00e9stico del bosque, como en las condiciones ambientales que afectan a los manantiales en que tradicionalmente se han abastecido de agua\u201d.<\/p>\n\n\n\n<p style=\"max-width:869px\">\u2014La madera (\u00e1rboles) significa mucho para el territorio, porque es lo que mantiene la estabilidad de las aguas. El agua que cae de las nubes se filtra y ah\u00ed dura el agua. De otra manera, cuando se derriba la madera sin responsabilidad se hace un desastre, se quema el bosque. Llegan las aguas y se lleva todo, ya no hay d\u00f3nde se detenga, d\u00f3nde se filtre. Se va el agua. \u2014dice Jos\u00e9 Trinidad Baldenegro, cuyo padre y hermano fueron <a href=\"https:\/\/www.bbc.com\/mundo\/noticias-america-latina-38672959\">asesinados<\/a> por defender esa estabilidad ambiental.<\/p>\n\n\n\n<h2 class=\"wp-block-heading\" style=\"margin-top:80px\">Tierra, agua e indiferencia<\/h2>\n\n\n\n<p>Mesa Blanca, El Cable y Mesa de las Espuelas, comunidades del municipio de Madera y habitadas por ind\u00edgenas o\u2019oba (tambi\u00e9n conocidos como pimas), fueron de las primeras en vivir lo que despu\u00e9s se propag\u00f3 por la Tarahumara: a partir de 2008 esas comunidades comenzaron a quedarse sin ind\u00edgenas, despu\u00e9s de que grupos ligados al narcotr\u00e1fico incrementaron la violencia en su contra.<\/p>\n\n\n\n<p>Algunas familias optaron por prestar sus terrenos para la siembra de amapola, pero poco a poco los han ido despojando de su tierra, cuando no acceden a trabajar para esos grupos, cuenta uno de los l\u00edderes que se encuentra desplazado y que pidi\u00f3 el anonimato para proteger su vida.<\/p>\n\n\n\n<p>Los ind\u00edgenas o\u2019oba, explica el antrop\u00f3logo Horacio Almanza, migraban de sus comunidades desde 2004, pero lo hac\u00edan por la falta de agua, como sucedi\u00f3 en el caso de la comunidad Las Espuelas.<\/p>\n\n\n\n<p><strong>Otras comunidades o\u2019oba de los municipios de Madera y Tem\u00f3sachic tambi\u00e9n han <a href=\"https:\/\/www.ocmal.org\/contamina-con-cianuro-la-minera-dolores-el-rio-tutuaca\/\">denunciado<\/a>, con diversas autoridades, la contaminaci\u00f3n del r\u00edo Tutuaca y otras fuentes de agua por la actividad de la Mina Dolores, que pertenece a la empresa canadiense Pan American Silver Corp. , y comenz\u00f3 sus operaciones en 2009 para extraer oro y plata<\/strong>.<\/p>\n\n\n\n<p>Los warij\u00edos, otro de los grupos ind\u00edgenas que habitan la Tarahumara, tambi\u00e9n han sufrido el despojo. El 29 de marzo de 2011, a la comunidad de Jicam\u00f3rachi, en el municipio de Uruachi, llegaron hombres que vest\u00edan uniforme tipo militar, dispararon por todos lados, quemaron casas y veh\u00edculos. Las familias huyeron al monte. Fue hasta diez d\u00edas despu\u00e9s que el Ej\u00e9rcito acudi\u00f3 al lugar y se instal\u00f3 en la escuela primaria.<\/p>\n\n\n\n<p>De las 122 familias mestizas y warij\u00edos que viv\u00edan en Jicam\u00f3rachi, s\u00f3lo se quedaron cerca de 40.<\/p>\n\n\n\n<p>Se le conoce como Guasachoque, pero tambi\u00e9n como Correcoyote. Es una comunidad rar\u00e1muri del municipio de Guadalupe y Calvo; de ah\u00ed era originario Irineo Meza. <strong>Lo <a href=\"https:\/\/www.proceso.com.mx\/468756\/la-tarahumara-historias-vejaciones-e-impunidad\">mataron<\/a> el 4 de diciembre de 2014. Ten\u00eda 23 a\u00f1os. \u00c9l denunci\u00f3 los despojos de tierras en su comunidad y se opon\u00eda a la apertura de minas en la regi\u00f3n<\/strong>.<\/p>\n\n\n\n<p>El Tule y Portugal, comunidad del municipio de Guadalupe y Calvo, tambi\u00e9n se ha ido quedando sin gente. <strong>En <a href=\"https:\/\/www.proceso.com.mx\/558514\/lider-ejidal-de-guadalupe-y-calvo-fue-asesinado-tras-recibir-amenazas\">octubre<\/a> de 2018 asesinaron ah\u00ed a otro l\u00edder ind\u00edgena: Joaqu\u00edn D\u00edaz Morales, de 74 a\u00f1os y jefe de la brigada contra incendios.<\/strong> Antes ya hab\u00edan matado al comisariado ejidal Crescencio D\u00edaz Vargas y amenazado a los pobladores que decidieron demandar a una familia de caciques locales por despojo de tierras.<\/p>\n\n\n\n<p style=\"max-width:860px\">\u2014Le mandan mensajes a uno, que si no quiere problemas, que se vaya\u2026 Usted no se puede quejar con la polic\u00eda, con la judicial, con los <em>guachos<\/em> (militares), no hay apoyo. No hay confianza. No se la creen a uno \u2014dice uno de los desplazados de El Tule y Portugal.<\/p>\n\n\n\n<p>Palabras similares se escuchan de los desplazados \u00f3dami de la comunidad de Cord\u00f3n de la Cruz, en Coloradas de la Virgen. Ellos se\u00f1alan a los <span class=\"td_text_highlight_marker\" style=\"background-color: #374141;\">hermanos Cornelio y Aurelio Alderete Arciniega<\/span> como responsables de las amenazas y el despojo de sus tierras.<\/p>\n\n\n\n<p style=\"max-width:869px\">\u2014Quieren apropiarse de 3,500 hect\u00e1reas; tierras en donde la comunidad pastoreaba su ganado, ahora ya no permiten que se ingrese ah\u00ed. Son tierras que quieren para la amapola. Existen alrededor de 20 denuncias, pero s\u00f3lo una ha sido judicializada \u2014cuenta Jos\u00e9 \u00c1ngel, integrante de una de las familias \u00f3dami desplazadas.<\/p>\n\n\n\n<figure><iframe loading=\"lazy\" src=\"https:\/\/albumizr.com\/a\/wCfG\" width=\"100%\" height=\"500\" allowfullscreen=\"allowfullscreen\"><\/iframe><\/figure>\n<span style=\"font-style: italic; font-size: 9pt; font-height: 80%;\">En estas im\u00e1genes: escuela de jicam\u00f3rachi, donde se instal\u00f3 el ej\u00e9rcito; las huellas de la violencia que se miran por los caminos de la Tarahumara; las familias desplazadas que ahora viven en lugares como Baborigame; una de las asambleas en Chor\u00e9achi y la familia de Juli\u00e1n Carrillo que espera regresar a su tierra.<\/span><br>\n\n\n\n<p>Puerto Gallego, en el municipio de Urique, est\u00e1 entre las localidades que conforman el corredor tur\u00edstico en la Tarahumara. Tambi\u00e9n es la ruta para el trasiego de droga. De esa comunidad era Fabi\u00e1n Carrillo, l\u00edder r\u00e1ramuri.<\/p>\n\n\n\n<p>Ten\u00eda poco m\u00e1s de cuarenta a\u00f1os cuando dej\u00f3 su casa en Puerto Gallego; hombres armados lo amenazaron. Quer\u00edan sus tierras. Sali\u00f3 de su comunidad, pero no abandon\u00f3 la defensa del territorio.<\/p>\n\n\n\n<p style=\"max-width:860px\">\u2014Los hombres del gobierno no hacen nada. Desde septiembre (de 2014) fue m\u00e1s duro, porque llegaron queriendo quitar terrenos. Todav\u00eda hay invasiones, a muchos los tienen obligados a sembrar droga \u2014contaba Fabi\u00e1n en 2016.<\/p>\n\n\n\n<p><strong>Fabi\u00e1n llevaba un registro de todos los gobernadores ind\u00edgenas rar\u00e1muri, as\u00ed como de la problem\u00e1tica que enfrentaban por las amenazas contra el bosque<\/strong>.  Buscaba insistente \u2014a\u00fan en el exilio\u2014 que sus denuncias fueran escuchadas en los juzgados y en la Coordinaci\u00f3n Estatal de la Tarahumara.<\/p>\n\n\n\n<p>Lo amenazaron varias veces, pero \u00e9l entendi\u00f3 la manera de actuar de los delincuentes, su forma de organizarse, y eso le permiti\u00f3 recorrer la sierra esquivando a quienes no quer\u00edan que hablara. Falleci\u00f3, como consecuencia de la tuberculosis, a finales de septiembre de 2017.<\/p>\n\n\n\n<p>En Guapalayna \u2014una regi\u00f3n tropical del municipio de Urique\u2014, los ind\u00edgenas han sido obligados a desplazarse, porque en esa zona no s\u00f3lo los despojan de sus tierras, tambi\u00e9n les quitan el control de sus aguajes: si quieren utilizar esa agua, les cobran una cuota.<\/p>\n\n\n\n<blockquote class=\"wp-block-quote is-layout-flow wp-block-quote-is-layout-flow\"><p>Si quieren utilizar esa agua, les cobran una cuota<\/p><\/blockquote>\n\n\n\n<p><strong>En casi toda la Tarahumara, las comunidades conocen el nombre e historia de los caciques o l\u00edderes de los grupos de narcotr\u00e1fico que los amenazan y que los despojan de sus tierras<\/strong>. Varios de esos nombres han sido denunciados con autoridades de todos los niveles. <span class=\"td_text_highlight_marker\" style=\"background-color: #374141;\">Ninguno ha sido juzgado<\/span>.<\/p>\n\n\n\n<p>Isela Gonz\u00e1lez, directora de Alianza Sierra Madre, se\u00f1ala que se ha sembrado el terror para ir deshabitando el territorio de los hombres y mujeres que le dan sentido, \u201cporque los cuerpos son los que dan fuerza a ese territorio\u201d. La intenci\u00f3n, insiste, es \u201cdejar ese territorio desierto de esos cuerpos que nacieron ah\u00ed, de esos cuerpos que siempre han vivido ah\u00ed, que han sido formados como rar\u00e1muri y que han mantenido, a pesar de todas las adversidades, la cultura rar\u00e1muri\u201d.<\/p>\n\n\n\n<h2 class=\"wp-block-heading\" style=\"margin-top:80px\">Resistencia serrana<\/h2>\n\n\n\n<p>Los ind\u00edgenas de la Tarahumara forjan su resistencia f\u00edsica desde que son peque\u00f1os: caminan durante horas y horas por la sierra \u2014entre barrancos y pendientes\u2014 para llegar a una comunidad, para visitar a un familiar, para pastorear a las chivas, para ir a la escuela (cuando hay maestros) o para tener acceso a un m\u00e9dico. <strong>Para denunciar el despojo de sus \u00e1rboles y de su territorio tambi\u00e9n han caminado un largo trecho. Desde hace varios a\u00f1os han realizado caravanas en Chihuahua y fuera del estado<\/strong>.<\/p>\n\n\n\n<p>Una de esas caravanas lleg\u00f3 a la Ciudad de M\u00e9xico. Fue en julio de 2014 cuando 35 gobernadores tradicionales de comunidades ind\u00edgenas expusieron a <span class=\"td_text_highlight_marker\" style=\"background-color: #374141;\">senadores de la Rep\u00fablica<\/span> los problemas de saqueo que viven en la sierra.<\/p>\n\n\n\n<p>En esa reuni\u00f3n, incluso, se\u00f1alaron a Artemio Fontes Lugo como uno de los responsables de las amenazas y autor intelectual de los asesinatos de autoridades tradicionales de Coloradas de la Virgen.<\/p>\n\n\n\n<p>Ese se\u00f1alamiento qued\u00f3 registrado en el <a href=\"http:\/\/www.senado.gob.mx\/64\/gaceta_del_senado\/documento\/61470\">documento<\/a> que, el 15 de marzo de 2016, realiz\u00f3 un grupo de senadores para exhortar al Poder Ejecutivo Federal a que realizara acciones para atender la problem\u00e1tica y violencia en la Sierra Tarahumara.<\/p>\n\n\n\n<blockquote class=\"wp-block-quote\">\n<p>\u00abA Cirilo lo mataron porque no quiso trabajar con Artemio Fontes en sacar la madera, por eso lo mandan matar\u00bb<\/p><p>\n<cite>Exgobernador ind\u00edgena de Coloradas de la Virgen<\/cite><\/p>\n<\/blockquote>\n\n\n\n<p>En ese documento tambi\u00e9n se menciona el caso de Cirilo Portillo Torres, \u00f3dami asesinado el 14 de marzo de 1992. \u00c9l hab\u00eda sido comisario de la polic\u00eda tradicional y secretario de bienes comunales de Coloradas de la Virgen.<\/p>\n\n\n\n<p style=\"max-width:860px;margin-top:1px;margin-bottom:0px\">\u2014A Cirilo lo mataron porque no quiso trabajar con Artemio Fontes en sacar la madera, por eso lo mandan matar \u2014cuenta un exgobernador ind\u00edgena de Coloradas de la Virgen, quien ha recibido varias amenazas por defender el territorio y los \u00e1rboles de su comunidad, por lo que \u00e9l y su familia, as\u00ed como muchos de sus compa\u00f1eros de lucha, est\u00e1n ahora desplazados.<\/p>\n\n\n\n<p>Quienes han sido desplazados de Coloradas de la Virgen, as\u00ed como de otras comunidades de la Tarahumara, est\u00e1n dispersos en la ciudad de Chihuahua, Baborigame, Guachochi, Parral y Cuauht\u00e9moc. Laboran en huertas o en la pizca. Otros tratan de encontrar trabajo en la construcci\u00f3n o de sobrevivir entre el asfalto que los ahoga.<\/p>\n\n\n\n<p style=\"max-width:860px\">\u2014All\u00e1, en el rancho, pod\u00edamos sembrar ma\u00edz, frijol. <strong>Con poquito que siembre uno, ya pod\u00eda comer. Ac\u00e1 no.<\/strong> Nuestras costumbres, nuestras fiestas tampoco ya las podemos hacer como eran antes. Quisi\u00e9ramos regresar, pero c\u00f3mo le hacemos si quemaron la casa, se robaron los animales y esos hombres siguen all\u00e1 \u2014dice una de las mujeres que est\u00e1n desplazadas en Baborigame. Sus dos hijas, de 23 y 26 a\u00f1os, ya saben lo que es la viudez.<\/p>\n\n\n\n<p>Para este reportaje se solicitaron entrevistas con el gobernador de Chihuahua, Javier Corral, y con el subsecretario de derechos humanos del gobierno federal, Alejandro Encinas. Las solicitudes se realizaron, por lo menos, en dos ocasiones con los encargados de prensa, quienes respondieron que no hab\u00eda espacio en la agenda de los funcionarios.<\/p>\n\n\n\n<h2 class=\"wp-block-heading\" style=\"margin-top:80px\">Acompa\u00f1ar la defensa<\/h2>\n\n\n\n<figure class=\"wp-block-image alignfull size-full\"><img loading=\"lazy\" decoding=\"async\" width=\"2560\" height=\"1679\" src=\"https:\/\/tierra.jerre-dev.xyz\/wp-content\/uploads\/2020\/04\/COLORADAS-DE-LA-VIRGEN-1-min-compressed-1-scaled.jpg\" alt=\"\" class=\"wp-image-2899\" srcset=\"https:\/\/media.tierraderesistentes.com\/wp-content\/uploads\/2020\/04\/19212128\/COLORADAS-DE-LA-VIRGEN-1-min-compressed-1-scaled.jpg 2560w, https:\/\/media.tierraderesistentes.com\/wp-content\/uploads\/2020\/04\/19212128\/COLORADAS-DE-LA-VIRGEN-1-min-compressed-1-300x197.jpg 300w, https:\/\/media.tierraderesistentes.com\/wp-content\/uploads\/2020\/04\/19212128\/COLORADAS-DE-LA-VIRGEN-1-min-compressed-1-1024x671.jpg 1024w, https:\/\/media.tierraderesistentes.com\/wp-content\/uploads\/2020\/04\/19212128\/COLORADAS-DE-LA-VIRGEN-1-min-compressed-1-768x504.jpg 768w, https:\/\/media.tierraderesistentes.com\/wp-content\/uploads\/2020\/04\/19212128\/COLORADAS-DE-LA-VIRGEN-1-min-compressed-1-1536x1007.jpg 1536w, https:\/\/media.tierraderesistentes.com\/wp-content\/uploads\/2020\/04\/19212128\/COLORADAS-DE-LA-VIRGEN-1-min-compressed-1-2048x1343.jpg 2048w\" sizes=\"auto, (max-width: 2560px) 100vw, 2560px\" \/><figcaption>Cr\u00e9dito: Cortes\u00eda Alianza Sierra Madre.<\/figcaption><\/figure>\n\n\n\n<p><strong>Entre enero de 2009 y diciembre de 2018 mataron a, por lo menos, 15 defensores de bosques y territorios en la Sierra Tarahumara<\/strong>, de acuerdo con los casos recopilados en la base de datos de este proyecto.<\/p>\n\n\n\n<p>Esos casos se conocieron, muchas de las veces, por la denuncia de organizaciones civiles.<\/p>\n\n\n\n<p><strong>Hay otros tantos nombres de defensores que han sido asesinados, pero no est\u00e1n en las estad\u00edstica<\/strong>s, \u201cporque suceden en zonas en donde no hay trabajo de organizaciones, ya sea porque son lugares muy apartados, de dif\u00edcil acceso o porque ocurren en territorios tomados por el narco\u201d, dice una defensora de derechos humanos que pide el anonimato porque s\u00f3lo as\u00ed, teniendo un bajo perfil, puede visitar algunas comunidades.<\/p>\n\n\n\n<p>En Chihuahua, el estado m\u00e1s grande del pa\u00eds, menos de diez organizaciones civiles acompa\u00f1an a las comunidades en su defensa del ambiente y territorio.<\/p>\n\n\n\n<p>Y esas organizaciones \u2014cuyos miembros tambi\u00e9n han recibido amenazas por su trabajo\u2014 no cuentan con personal y recursos suficientes para denunciar y visibilizar lo que pasa en gran parte de la Tarahumara.<\/p>\n\n\n\n<p>A\u00fan as\u00ed, en los \u00faltimos cinco a\u00f1os, juntos han logrado triunfos jur\u00eddicos en su lucha por la defensa del ambiente y el territorio.<\/p>\n\n\n\n<blockquote class=\"wp-block-quote is-layout-flow wp-block-quote-is-layout-flow\"><p>\u00abSon proyectos de muerte, no de vida, porque responden a intereses particulares, no ha intereses comunitarios\u00bb<\/p><cite>Javier \u00c1vila Aguirre, director de la Comisi\u00f3n de Solidaridad y Defensa de los Derechos Humanos (Cosyddhac)<\/cite><\/blockquote>\n\n\n\n<p>En 2017, y despu\u00e9s de siete a\u00f1os de un proceso legal que llev\u00f3 Contec, <strong>la Suprema Corte de Justicia <a href=\"http:\/\/kwira.org\/sentencia-definitiva-emitida-por-la-suprema-corte-de-justicia-de-la-nacion\/\">reconoci\u00f3<\/a> el derecho al territorio ancestral de la comunidad rar\u00e1muri de Huitosachi, en el municipio de Urique<\/strong>.<\/p>\n\n\n\n<p>Las tierras ancestrales de esa comunidad \u2014260 hect\u00e1reas\u2014 est\u00e1n en el \u00e1rea de Barrancas del Cobre, una de las zonas m\u00e1s tur\u00edsticas de la Tarahumara. Su defensa del territorio en los tribunales se dio, a partir de 2015, cuando una inmobiliaria \u2014cuyo due\u00f1o es el empresario Federico El\u00edas Madero\u2014 reclam\u00f3 como suyas esas tierras e intent\u00f3 sacar del lugar a los rar\u00e1muri. No lo logr\u00f3.<\/p>\n\n\n\n<p>Tambi\u00e9n en el norte de la Tarahumara, <strong>la comunidad de Bosques de San El\u00edas Repechique, en el municipio de Bocoyna, consigui\u00f3 que por su territorio no pasara el gasoducto,<\/strong> por lo que la empresa responsable de su construcci\u00f3n, TransCanada, tuvo que modificar el trazo original para esta obra.<\/p>\n\n\n\n<p style=\"max-width:860px\">\u2014Estos grandes proyectos \u2014mineros, tur\u00edsticos o gasoductos\u2014 han generado un deterioro muy grande al espacio, la ecolog\u00eda y, sobre todo a las comunidades. Son proyectos de muerte, no de vida, porque responden a intereses particulares, no ha intereses comunitarios \u2014se\u00f1ala el sacerdote jesuita Javier \u00c1vila Aguirre, director de la Comisi\u00f3n de Solidaridad y Defensa de los Derechos Humanos (Cosyddhac).<\/p>\n\n\n\n<p>En octubre de 2018, el Tribunal Superior Agrario, con sede en la Ciudad de M\u00e9xico, <a href=\"https:\/\/www.jornada.com.mx\/2018\/10\/24\/estados\/032n1est\">reconoci\u00f3<\/a> el derecho que tiene a su territorio ancestral \u201432 mil 832 hect\u00e1reas\u2014 y bienes naturales la comunidad rar\u00e1muri de Chor\u00e9achi, ubicada en el Municipio de Guadalupe y Calvo, y que por las amenazas que ha recibido cuenta con medidas provisionales de la Corte Interamericana de Derechos Humanos (CoIDH).<\/p>\n\n\n\n<p style=\"max-width:860px\">\u2014<strong>Las comunidades, con sus demandas, est\u00e1n obligando a que se armonicen las leyes nacionales con los est\u00e1ndares internacionales sobre reconocimientos de los pueblos ind\u00edgenas<\/strong>. Ha costado mucho, pero se ha ido picando piedra para el reconocimiento de los derechos colectivos de las comunidades y hay que seguirle \u2014se\u00f1ala Ernesto Palencia, asesor jur\u00eddico de Alianza Sierra Madre.<\/p>\n\n\n\n<p>La comunidad rar\u00e1muri de Baquiachi, en el municipio de Carich\u00ed, tambi\u00e9n gan\u00f3 32 juicios en contra de <span class=\"td_text_highlight_marker\" style=\"background-color: #374141;\">caciques ganaderos<\/span> que los hab\u00edan despojado de poco m\u00e1s de 7,500 hect\u00e1reas de su territorio ancestral.<\/p>\n\n\n\n<p>Durante ese proceso judicial, Estela \u00c1ngeles Mondrag\u00f3n, directora y abogada de la asociaci\u00f3n Bowerasa, recibi\u00f3 varias amenazas, su hija sufri\u00f3 un intento de asesinato y su pareja, Ernesto R\u00e1bago Mart\u00ednez, fue <a href=\"https:\/\/www.jornada.com.mx\/2010\/03\/03\/estados\/030n1est\">asesinado<\/a> el 1 de marzo de 2010.<\/p>\n\n\n\n<p>Eso no detuvo a Estela \u00c1ngeles. Ella sigui\u00f3 con la comunidad de Baquiachi. De ellos aprendi\u00f3 una frase que escuch\u00f3 muchas veces en rar\u00e1muri y que ahora dice en espa\u00f1ol: <strong>\u201cSin territorio, no se tiene nada. No somos nada\u201d<\/strong>.<\/p>\n\n\n\n<figure><iframe loading=\"lazy\" src=\"https:\/\/www.youtube.com\/embed\/YPbDDXDXvW0?feature=oembed\" width=\"100%\" height=\"500\" allowfullscreen=\"allowfullscreen\"><\/iframe><\/figure>\n\n\n\n<p>Isela Gonz\u00e1lez, directora de Alianza Sierra Madre, explica que al acompa\u00f1ar a estas comunidades <strong>se est\u00e1 defendiendo \u201cun territorio que para ellos es indivisible, bienes naturales que son colectivos, que son los que les dan vida como comunidad<\/strong>, los que reproducen material y simb\u00f3licamente su cultura. Sin territorio eso, su cultura, no es posible\u201d.<\/p>\n\n\n\n<p>El antrop\u00f3logo Horacio Almanza, quien ha investigado estos procesos de defensa, resalta que la lucha ambiental muchas veces se personifica en un l\u00edder, \u201cpero detr\u00e1s de ellos est\u00e1n las comunidades y son ellas las que les dan fuerza a esos defensores que, por lo regular, son autoridades tradicionales que forman de un sistema normativo muy a\u00f1ejo y s\u00f3lido en la sierra\u201d. Por ello, dice, <strong>\u201clas luchas por la defensa del medio ambiente, en la Tarahumara, son colectivas\u201d<\/strong>.<\/p>\n\n\n\n<h2 class=\"wp-block-heading\" style=\"margin-top:80px\">Primero los \u00e1rboles, ahora los minerales<\/h2>\n\n\n\n<p>La historia de Chihuahua est\u00e1 ligada a la miner\u00eda, explica el antrop\u00f3logo Horacio Almanza, \u201ctuvo momentos de crisis y se deprimi\u00f3 mucho durante algunas \u00e9pocas, pero regres\u00f3 con fuerza con las mineras canadienses\u201d.<\/p>\n\n\n\n<p>En la actualidad, Chihuahua ocupa el tercer lugar nacional en la producci\u00f3n de oro y el segundo en extracci\u00f3n de plata. Tambi\u00e9n se extrae zinc y plomo.<\/p>\n\n\n\n<figure class=\"wp-block-image alignfull size-large\"><img loading=\"lazy\" decoding=\"async\" width=\"1024\" height=\"671\" src=\"https:\/\/media.tierraderesistentes.com\/wp-content\/uploads\/2020\/04\/19212128\/MUJERES-DE-BAHUINOCACHI-1-min-compressed-1-1024x671.jpg\" alt=\"\" class=\"wp-image-2898\" srcset=\"https:\/\/media.tierraderesistentes.com\/wp-content\/uploads\/2020\/04\/19212128\/MUJERES-DE-BAHUINOCACHI-1-min-compressed-1-1024x671.jpg 1024w, https:\/\/media.tierraderesistentes.com\/wp-content\/uploads\/2020\/04\/19212128\/MUJERES-DE-BAHUINOCACHI-1-min-compressed-1-300x197.jpg 300w, https:\/\/media.tierraderesistentes.com\/wp-content\/uploads\/2020\/04\/19212128\/MUJERES-DE-BAHUINOCACHI-1-min-compressed-1-768x504.jpg 768w, https:\/\/media.tierraderesistentes.com\/wp-content\/uploads\/2020\/04\/19212128\/MUJERES-DE-BAHUINOCACHI-1-min-compressed-1-1536x1007.jpg 1536w, https:\/\/media.tierraderesistentes.com\/wp-content\/uploads\/2020\/04\/19212128\/MUJERES-DE-BAHUINOCACHI-1-min-compressed-1-2048x1343.jpg 2048w\" sizes=\"auto, (max-width: 1024px) 100vw, 1024px\" \/><figcaption>Mujeres rar\u00e1muri de la comunidad de Bahuinocachi. Al igual que lo hac\u00edan sus abuelos y padres, ellas alimentan y platican con los manantiales \u201cpara que no se vayan\u201d. Cr\u00e9dito: Ginnette Riquelme.<\/figcaption><\/figure>\n\n\n\n<p>Si en un mapa de la Sierra Tarahumara se pintan de rojo las zonas donde hay una concesi\u00f3n minera, buena parte del territorio ser\u00eda escarlata.<\/p>\n\n\n\n<p><strong>De los 3,323 permisos para miner\u00eda otorgados en el estado de Chihuahua, casi la mitad \u20141,448\u2014 se encuentran en la sierra<\/strong>, de acuerdo con la <a href=\"http:\/\/www.siam.economia.gob.mx\/es\/siam\/Transparencia\">base de datos p\u00fablica sobre concesiones mineras<\/a> de la Direcci\u00f3n General de Minas, que depende de la Secretar\u00eda de Econom\u00eda del gobierno mexicano.<\/p>\n\n\n\n<figure><iframe loading=\"lazy\" style=\"margin-botom: 3em; border: none;\" src=\"https:\/\/w.soundcloud.com\/player\/?url=https%3A\/\/api.soundcloud.com\/tracks\/606922914%3Fsecret_token%3Ds-NKtgg&#038;color=%23ff5500&#038;auto_play=false&#038;hide_related=false&#038;show_comments=true&#038;show_user=true&#038;show_reposts=false&#038;show_teaser=true\" width=\"100%\" height=\"166\"><\/iframe><\/figure>\n\n\n\n<p><strong>Los municipios serranos que tienen a comunidades ind\u00edgenas desplazadas, por amenazas o asesinatos de sus l\u00edderes, est\u00e1n entre los que m\u00e1s concesiones tienen.<\/strong> Por ejemplo, en Guadalupe y Calvo se han otorgado 142 concesiones, de acuerdo con esa base de datos. En el territorio de Coloradas de la Virgen y sus alrededores se han expedido, al menos, cuatro permisos para exploraci\u00f3n y explotaci\u00f3n.<\/p>\n\n\n\n<p>Una de ellos \u2014de 3,104 hect\u00e1reas\u2014 se encuentra justo en un \u00e1rea que los habitantes de Coloradas de la Virgen reclaman como parte de su territorio. Los beneficiados con esa <a href=\"https:\/\/www.scribd.com\/document\/404339656\/Concesion-minera-Mesa-Del-Cobre\">concesi\u00f3n<\/a> minera son Arcadio y Artemio Fontes Mart\u00ednez \u2014hijos de Artemio Fontes Lugo\u2014 y <span class=\"td_text_highlight_marker\" style=\"background-color: #374141;\">Mario Humberto Ayub Touche<\/span>, quien pertenece a una familia de empresarios de Chihuahua.<\/p>\n\n\n\n<p><strong>Mario Humberto y sus hermanos, entre ellos Sergio Ayub Touche, son socios en compa\u00f1\u00edas mineras, inmobiliarias y tambi\u00e9n son due\u00f1os de Duraplay Colmercial S.A. de C.V.<\/strong>, empresa dedicada a la fabricaci\u00f3n de todo tipo de productos relacionados con la industria forestal, de acuerdo con documentos del Registro P\u00fablico de Comercio de Chihuahua.<\/p>\n\n\n\n<p>Tambi\u00e9n est\u00e1n relacionados con empresas en para\u00edsos fiscales. Sergio Ayub Touche es director de Indycom International Holdings Ltd, compa\u00f1\u00eda creada el 17 de diciembre de 2012 en Bahamas, de acuerdo con <a href=\"https:\/\/www.scribd.com\/document\/404982462\/Empresa-Sergio-Ayub\">documentos<\/a> obtenidos por el diario alem\u00e1n <em>S\u00fcddeutsche Zeitung<\/em> y compartidos en 2016 con el Consorcio Internacional de Periodistas de Investigaci\u00f3n (ICIJ, por sus siglas en ingl\u00e9s), para realizar la investigaci\u00f3n conocida como <em>Bahamas Leaks<\/em>, y a los cuales Mexicanos contra la Corrupci\u00f3n y la Impunidad (MCCI) tuvo acceso.<\/p>\n\n\n\n<p>Adem\u00e1s de los 12 permisos mineros que tiene Mario Humberto Ayub en Chihuahua y Sonora, tambi\u00e9n est\u00e1n a su nombre dos concesiones \u2014otorgadas en 1994 y 1999\u2014 que le permiten extraer agua para uso agr\u00edcola.<\/p>\n\n\n\n<p>Por su parte, en 2016 Artemio Fontes Lugo obtuvo del gobierno mexicano una renovaci\u00f3n de un permiso para operar, hasta el a\u00f1o 2031, un aer\u00f3dromo en el municipio de Cusihuiriachi.<\/p>\n\n\n\n<p>La Secretar\u00eda de Econom\u00eda del gobierno mexicano entreg\u00f3 la concesi\u00f3n minera a los hijos de Fontes Lugo y a Mario Humberto Ayub Touche el 24 de mayo de 2010. La vigencia del permiso es por 50 a\u00f1os.<\/p>\n\n\n\n<p><strong>Esa concesi\u00f3n se entreg\u00f3 sin que antes se consultara, como lo marcan las leyes internacionales y nacionales, a pobladores rar\u00e1muri y \u00f3dami de Coloradas de la Virgen<\/strong>. Incluso, ninguna autoridad les inform\u00f3 de la existencia de esos permisos mineros. Los ind\u00edgenas se enteraron cuando Juli\u00e1n Carrillo y sus compa\u00f1eros de lucha asistieron a un taller sobre miner\u00eda.<\/p>\n\n\n\n<h2 class=\"wp-block-heading\" style=\"margin-top:80px\">La primera sentencia<\/h2>\n\n\n\n<p>En el pante\u00f3n de Baborigame est\u00e1 la tumba de Isidro Baldenegro, el rar\u00e1muri que fue <a href=\"https:\/\/www.bbc.com\/mundo\/noticias-america-latina-38672959\">asesinado<\/a> el 15 de enero de 2017, en Coloradas de la Virgen, <strong>el hombre de piel cobriza que durante algunos a\u00f1os form\u00f3 parte del grupo de ind\u00edgenas que caminaron en caravanas para denunciar la tala de los \u00e1rboles en su comunidad y que en 2005 <a href=\"https:\/\/www.goldmanprize.org\/recipient\/isidro-baldenegro\/\">obtuvo<\/a> el Premio Goldman<\/strong> \u2014considerado el Nobel verde\u2014 por su defensa al bosque. A su padre, Julio Baldenegro, lo mataron por la misma causa. Fue en octubre de 1986, cuando era gobernador tradicional de Coloradas.<\/p>\n\n\n\n<p style=\"max-width:860px\">\u2014Nosotros aprendimos a defender la tierra de ver y escuchar c\u00f3mo defend\u00edan los dem\u00e1s, viendo a los pap\u00e1s y a los mayores \u2014dec\u00eda Juli\u00e1n Carrillo.<\/p>\n\n\n\n<p style=\"max-width:860px\">\u2014Defendemos lo que muchas personas antes tambi\u00e9n defend\u00edan, lo de uno, el territorio, el bosque. Al defenderlo ahorita, en este tiempo, es defender (para) los que vienen despu\u00e9s de los hijos y de los nietos de uno \u2014dice Jos\u00e9 Baldenegro, hijo de Julio y hermano de Isidro.<\/p>\n\n\n\n<p>Isidro, adem\u00e1s de recibir amenazas de muerte, tambi\u00e9n le toc\u00f3 sortear una acusaci\u00f3n judicial y pasar quince meses en la c\u00e1rcel.<\/p>\n\n\n\n<p style=\"max-width:860px\">\u2014Le <em>sembraron<\/em> semillas de amapola y marihuana; todo se lo <em>sembraron<\/em>, todo fue mentira\u2026 Era un compa\u00f1ero que estaba luchando junto con nosotros por el bosque \u2014recuerda uno de los rar\u00e1muri que estuvo con Isidro en una de las caravanas que, en 2003, realiz\u00f3 para exigir a las autoridades detuvieran la tala en Coloradas de la Virgen. Despu\u00e9s de una de esas protestas, fue acusado y detenido.<\/p>\n\n\n\n<p>Isidro fue absuelto y logr\u00f3 salir de la c\u00e1rcel despu\u00e9s de que diversas organizaciones \u2014entre ellas Amnist\u00eda Internacional que lo declar\u00f3 \u201cpreso de conciencia\u201d\u2014, hicieron una campa\u00f1a para exigir su liberaci\u00f3n, lo cual sucedi\u00f3 en 2004. Por un tiempo regres\u00f3 a vivir a Coloradas, pero tuvo que salir de la comunidad porque las amenazas segu\u00edan. <strong>Lo asesinaron cuando visit\u00f3 a familiares que estaban enfermos en Coloradas<\/strong>. En ese entonces, sus hijos ten\u00edan ocho y siete a\u00f1os.<\/p>\n\n\n\n<p>En el <a href=\"https:\/\/www.cemda.org.mx\/wp-content\/uploads\/2019\/03\/Informe_defensores.pdf\">informe<\/a> sobre la situaci\u00f3n de las personas defensoras de los derechos humanos ambientales, publicado en marzo de 2019, por el Centro Mexicano de Derecho Ambiental (Cemda), se se\u00f1ala que despu\u00e9s del homicidio, la criminalizaci\u00f3n es una de las agresiones m\u00e1s frecuentes en contra de estos defensores.<\/p>\n\n\n\n<blockquote class=\"wp-block-quote is-layout-flow wp-block-quote-is-layout-flow\"><p>\u00abLe <em>sembraron<\/em> semillas de amapola y marihuana; todo se lo <em>sembraron<\/em>, todo fue mentira\u2026\u00bb<\/p><cite>Ind\u00edgena Rar\u00e1muri<\/cite><\/blockquote>\n\n\n\n<p>En ese mismo documento se resalta que la falta de investigaci\u00f3n de los delitos cometidos contra las personas defensoras, la ineficiencia de medidas de protecci\u00f3n cuando estas personas son amenazadas, as\u00ed como el uso indebido del derecho penal para criminalizar su labor de defensa, son \u201cestrategias que dejan a las personas en un estado de mayor vulnerabilidad y riesgo\u201d.<\/p>\n\n\n\n<p><strong>Por el homicidio de Isidro Baldenegro se detuvo a Romero Rubio Mart\u00ednez. El 19 de febrero de 2019 fue <a href=\"https:\/\/www.animalpolitico.com\/2019\/02\/condenan-asesino-isidro-baldenegro\/\">sentenciado<\/a> a 11 a\u00f1os de prisi\u00f3n<\/strong>. En su resoluci\u00f3n, el juez Javier Cornejo P\u00e1ez no contempl\u00f3 el da\u00f1o a la comunidad como agravante.<\/p>\n\n\n\n<p style=\"max-width:860px\">\u2014Un reto que tenemos es que en estos casos se tenga como principal l\u00ednea de investigaci\u00f3n la labor de defensa que realizaron personas como Isidro y <strong>que no s\u00f3lo se juzgue a los autores materiales, que tambi\u00e9n se llegue a los autores intelectuales<\/strong> \u2014apunta la abogada Alejandra Nu\u00f1o, del Centro de Derechos Humanos de las Mujeres (Cedehm), organizaci\u00f3n que da seguimiento a las denuncias que se han presentado por los asesinatos de los defensores ambientales y de territorio de la Tarahumara.<\/p>\n\n\n\n<p>Nu\u00f1o resalta que en estos casos buscan hacer p\u00fablica la sentencia y que \u00e9sta reconozca a la v\u00edctima, as\u00ed como el da\u00f1o que se hizo a la comunidad y a la sociedad con el asesinato del defensor.<\/p>\n\n\n\n<p style=\"max-width:860px\">\u2014Es trascendental \u2014resalta Nu\u00f1o\u2014 que el Poder Judicial valore la relevancia que tiene su fallo, para que la sociedad entienda que <strong>las defensoras y defensores hacen un aporte sustancial no s\u00f3lo a la democracia, sino a enfrentar las desigualdades, las violencias y las injusticias<\/strong> que el Estado no han podido resolver.<\/p>\n\n\n\n<p>La esposa de Isidro Baldenegro, Aurelia Churivista, y sus dos hijos viven ahora en una ciudad de Chihuahua. A\u00fan no se pueden acostumbrar a estar lejos de Coloradas de la Virgen. Para ellos, la sentencia en contra del autor material del homicidio fue m\u00ednima:<\/p>\n\n\n\n<p style=\"max-width:860px\">\u2014Imag\u00ednese va a salir en nueve a\u00f1os, porque ya lleva dos a\u00f1os en la c\u00e1rcel.  <strong>Mis hijos dicen: \u201cpues \u00e9l va a llegar y se va a regresar a su pueblo y va a volver a su familia y nosotros, \u00bfcu\u00e1ndo vamos a volver a ver a mi pap\u00e1?\u201d<\/strong><\/p>\n\n\n\n<figure class=\"wp-block-image alignfull size-full\"><img loading=\"lazy\" decoding=\"async\" width=\"2560\" height=\"1679\" src=\"https:\/\/tierra.jerre-dev.xyz\/wp-content\/uploads\/2020\/04\/TUMBA-DE-ISIDRO-min-compressed-1-scaled.jpg\" alt=\"\" class=\"wp-image-2897\" srcset=\"https:\/\/media.tierraderesistentes.com\/wp-content\/uploads\/2020\/04\/19212128\/TUMBA-DE-ISIDRO-min-compressed-1-scaled.jpg 2560w, https:\/\/media.tierraderesistentes.com\/wp-content\/uploads\/2020\/04\/19212128\/TUMBA-DE-ISIDRO-min-compressed-1-300x197.jpg 300w, https:\/\/media.tierraderesistentes.com\/wp-content\/uploads\/2020\/04\/19212128\/TUMBA-DE-ISIDRO-min-compressed-1-1024x671.jpg 1024w, https:\/\/media.tierraderesistentes.com\/wp-content\/uploads\/2020\/04\/19212128\/TUMBA-DE-ISIDRO-min-compressed-1-768x504.jpg 768w, https:\/\/media.tierraderesistentes.com\/wp-content\/uploads\/2020\/04\/19212128\/TUMBA-DE-ISIDRO-min-compressed-1-1536x1007.jpg 1536w, https:\/\/media.tierraderesistentes.com\/wp-content\/uploads\/2020\/04\/19212128\/TUMBA-DE-ISIDRO-min-compressed-1-2048x1343.jpg 2048w\" sizes=\"auto, (max-width: 2560px) 100vw, 2560px\" \/><figcaption>En Baborigame se encuentra la tumba de Isidro Baldenegro, rar\u00e1muri que en 2005 recibi\u00f3 el Premio Goldman. Fue asesinado en enero de 2015. Cr\u00e9dito: Ginnette Riquelme.<\/figcaption><\/figure>\n\n\n\n<h2 class=\"wp-block-heading\" style=\"margin-top:80px\">Recuperar la Sierra<\/h2>\n\n\n\n<p><strong>Las amenazas en contra de los ind\u00edgenas de Coloradas de la Virgen se intensificaron a partir de que avanzaban en tribunales sus denuncias contra los permisos de aprovechamiento forestal<\/strong>.<\/p>\n\n\n\n<p>Esas amenazas llevaron a que, en 2014, el gobierno mexicano integrara a cuatro miembros de la comunidad, entre ellos a Juli\u00e1n Carrillo, al Mecanismo de Protecci\u00f3n para Defensores de Derechos Humanos y Periodistas. Esas medidas de protecci\u00f3n no blindaron la vida de Juli\u00e1n.<\/p>\n\n\n\n<p>El informe \u201c<a href=\"https:\/\/amnistia.org.mx\/contenido\/informe-entre-balas-y-olvido\/\">Entre balas y olvido<\/a>\u201d, publicado por Amnist\u00eda Internacional en enero de 2019, se se\u00f1ala que el <strong>Estado mexicano \u201cha fallado en garantizar un ambiente seguro y propicio para las personas defensoras<\/strong>, en particular debido a que las medidas no son adecuadas para el riesgo enfrentado por la comunidad (Coloradas de la Virgen) dado que \u00e9sta cuenta con una baja presencia estatal y una fuerte presencia de grupos del crimen organizado\u201d.<\/p>\n\n\n\n<p>Juli\u00e1n se resist\u00eda a dejar su comunidad. No lo hizo despu\u00e9s de que mataron a su hijo V\u00edctor o a sus dos sobrinos.<\/p>\n\n\n\n<p style=\"max-width:860px\">\u2014Si me salgo, entonces \u00bfqui\u00e9n va a cuidar?  \u2014preguntaba.<\/p>\n\n\n\n<p>Es en julio de 2018 \u2014despu\u00e9s de que asesinan a Francisco Chaparro, su yerno\u2014 cuando Juli\u00e1n sale de su comunidad y se refugia en Sinaloa con otro de sus compa\u00f1eros de lucha, tambi\u00e9n amenazado.<\/p>\n\n\n\n<p>Juli\u00e1n regres\u00f3 a Coloradas \u2014cuenta su compa\u00f1ero\u2014 despu\u00e9s de que su hija Francisca falleci\u00f3, como consecuencia de la falta de atenci\u00f3n m\u00e9dica durante un embarazo que se complic\u00f3.<\/p>\n\n\n\n<p>Francisca \u2014como gran parte de los ind\u00edgenas que nacieron y crecieron en Coloradas\u2014 no sab\u00eda escribir ni leer. <strong>Hace ya mucho tiempo, por lo menos 18 a\u00f1os, que en esta comunidad las escuelas est\u00e1n abandonadas, porque no hay maestros que lleguen a esa zona de la sierra<\/strong>. Tampoco hay m\u00e9dicos.<\/p>\n\n\n\n<p style=\"max-width:860px\">\u2014Coloradas de la Virgen es una comunidad que no tiene acceso a los m\u00e1s elementales derechos humanos como es salud, educaci\u00f3n, medio ambiente sano; no tienen fuente de empleo. Solamente tienen la agricultura de subsistencia \u2014explica Isela Gonz\u00e1lez, de Alianza Sierra Madre.<\/p>\n\n\n\n<p>Para ir recuperando la sierra y hacerle justicia a las comunidades que han defendido su territorio y recursos naturales, organizaciones civiles que trabajan en la sierra, acompa\u00f1adas por Cedehm, impulsan con las autoridades federales y estatales un plan de atenci\u00f3n para Guadalupe y Calvo, el municipio donde se encuentra Coloradas de la Virgen. \u2014Si se cumple este plan servir\u00eda de ejemplo para replicar en otros municipios, incluso en otras regiones del pa\u00eds donde urge tener pol\u00edticas eficaces, porque ya estamos hartas de documentar las agresiones en contra de los defensores \u2014dice la abogada Alejandra Nu\u00f1o, del Cedehm.<\/p>\n\n\n\n<blockquote class=\"wp-block-quote is-layout-flow wp-block-quote-is-layout-flow\"><p>\u00abIncluso en otras regiones del pa\u00eds urge tener pol\u00edticas eficaces, porque ya estamos hartas de documentar las agresiones en contra de los defensores<\/p><cite>Alejandra Nu\u00f1o, abogada del Cedehm<\/cite><\/blockquote>\n\n\n\n<p>Juli\u00e1n Carrillo regres\u00f3 a Coloradas de la Virgen para despedir a su hija como marca la costumbre rar\u00e1muri.<\/p>\n\n\n\n<p>El tel\u00e9fono satelital que las autoridades le proporcionaron a Juli\u00e1n, como parte de las acciones de protecci\u00f3n, lo utiliz\u00f3 su hijo para avisar que a su padre lo hab\u00edan asesinado. <strong>Lo mataron enfrente de su nieto de ocho a\u00f1os<\/strong>.<\/p>\n\n\n\n<p>En enero de 2019, el gobierno estatal anunci\u00f3 la detenci\u00f3n de dos personas acusadas por el homicidio.<\/p>\n\n\n\n<p>La esposa de Juli\u00e1n, Mar\u00eda, sus cuatro hijos, dos nueras y cuatro nietos ya quieren regresar a Coloradas de la Virgen. <strong>No se hallan en la ciudad donde est\u00e1n desplazados. Quieren despedir a Juli\u00e1n como lo marca su costumbre rar\u00e1muri.<\/strong><\/p>\n\n\n\n<p>Mientras llega ese d\u00eda, los compa\u00f1eros de lucha de Juli\u00e1n, los dos hombres que asistieron con \u00e9l al taller sobre miner\u00eda, que anduvieron en las caravanas y que han reclamado en tribunales su derecho a su territorio ancestral, no olvidan las palabras que \u00e9l les dec\u00eda:<\/p>\n\n\n\n<p style=\"max-width:860px\">\u2014Hay que estar insistiendo que ya no se siga talando el bosque. Eso es lo primero.<\/p>\n\n\n\n<p>Una lucha en la que a todo un pueblo le va la vida.<\/p>\n\n\n\n<div class=\"wp-block-image\"><figure class=\"aligncenter size-large is-resized\"><img loading=\"lazy\" decoding=\"async\" src=\"https:\/\/tierra.jerre-dev.xyz\/wp-content\/uploads\/2021\/03\/eee.png\" alt=\"\" class=\"wp-image-3766\" width=\"100\" height=\"100\" srcset=\"https:\/\/media.tierraderesistentes.com\/wp-content\/uploads\/2021\/03\/19211834\/eee.png 400w, https:\/\/media.tierraderesistentes.com\/wp-content\/uploads\/2021\/03\/19211834\/eee-300x300.png 300w, https:\/\/media.tierraderesistentes.com\/wp-content\/uploads\/2021\/03\/19211834\/eee-150x150.png 150w\" sizes=\"auto, (max-width: 100px) 100vw, 100px\" \/><\/figure><\/div>\n","protected":false},"excerpt":{"rendered":"<p>Quienes defienden la Sierra Tarahumara, una de las zonas boscosas m\u00e1s importantes de M\u00e9xico, se enfrentan al narcotr\u00e1fico, a caciques locales, a la imposici\u00f3n de proyectos extractivos y a la indiferencia gubernamental. Esos defensores son, en su mayor\u00eda, ind\u00edgenas cuya identidad se forj\u00f3 entre monta\u00f1as, barrancos, pinos y manantiales. Sin ese territorio, dicen, ellos no son nada. Por eso lo protegen. Por eso se niegan a que se talen sus bosques y a que sus manantiales se sequen. Por eso enfrentan a quienes buscan cortar sus ra\u00edces.<\/p>\n","protected":false},"author":9,"featured_media":2893,"comment_status":"open","ping_status":"open","sticky":false,"template":"","format":"standard","meta":{"_acf_changed":false,"_uf_show_specific_survey":0,"_uf_disable_surveys":false,"footnotes":""},"categories":[14,44],"tags":[95,91,45,94,92,96,93],"coauthors":[60,61,49,97],"class_list":{"0":"post-657","1":"post","2":"type-post","3":"status-publish","4":"format-standard","5":"has-post-thumbnail","7":"category-mexico","8":"category-reportajes","9":"tag-coca","10":"tag-coloradas-de-la-virgen","11":"tag-fase-i","12":"tag-lideres-ambientales","13":"tag-medio-ambiente","14":"tag-mineria","15":"tag-tarahumara"},"acf":[],"yoast_head":"<!-- This site is optimized with the Yoast SEO plugin v26.4 - https:\/\/yoast.com\/wordpress\/plugins\/seo\/ -->\n<title>&quot;Sin territorio no somos nada&quot;<\/title>\n<meta name=\"robots\" content=\"index, follow, max-snippet:-1, max-image-preview:large, max-video-preview:-1\" \/>\n<link rel=\"canonical\" href=\"https:\/\/tierraderesistentes.com\/es\/2019\/04\/23\/sin-territorio-no-somos-nada\/\" \/>\n<meta name=\"twitter:label1\" content=\"Written by\" \/>\n\t<meta name=\"twitter:data1\" content=\"Thelma G\u00f3mez Dur\u00e1n, Patricia Mayorga, Ginnette Riquelme Quezada, Mexicanos Contra la Corrupci\u00f3n y la Impunidad\" \/>\n\t<meta name=\"twitter:label2\" content=\"Est. reading time\" \/>\n\t<meta name=\"twitter:data2\" content=\"114 minutos\" \/>\n<!-- \/ Yoast SEO plugin. -->","yoast_head_json":{"title":"\"Sin territorio no somos nada\"","robots":{"index":"index","follow":"follow","max-snippet":"max-snippet:-1","max-image-preview":"max-image-preview:large","max-video-preview":"max-video-preview:-1"},"canonical":"https:\/\/tierraderesistentes.com\/es\/2019\/04\/23\/sin-territorio-no-somos-nada\/","twitter_misc":{"Written by":"Thelma G\u00f3mez Dur\u00e1n, Patricia Mayorga, Ginnette Riquelme Quezada, Mexicanos Contra la Corrupci\u00f3n y la Impunidad","Est. reading time":"114 minutos"},"schema":{"@context":"https:\/\/schema.org","@graph":[{"@type":"Article","@id":"https:\/\/tierraderesistentes.com\/pt\/2019\/04\/23\/sin-territorio-no-somos-nada\/#article","isPartOf":{"@id":"https:\/\/tierraderesistentes.com\/pt\/2019\/04\/23\/sin-territorio-no-somos-nada\/"},"author":{"name":"Thelma G\u00f3mez Dur\u00e1n","@id":"https:\/\/tierraderesistentes.com\/es\/#\/schema\/person\/d328c945d9c0dd0755fbd9edf8b1b71b"},"headline":"\u00abSin territorio no somos nada\u00bb","datePublished":"2019-04-23T17:32:00+00:00","dateModified":"2021-05-01T21:43:13+00:00","mainEntityOfPage":{"@id":"https:\/\/tierraderesistentes.com\/pt\/2019\/04\/23\/sin-territorio-no-somos-nada\/"},"wordCount":22870,"commentCount":17,"publisher":{"@id":"https:\/\/tierraderesistentes.com\/es\/#organization"},"image":{"@id":"https:\/\/tierraderesistentes.com\/pt\/2019\/04\/23\/sin-territorio-no-somos-nada\/#primaryimage"},"thumbnailUrl":"https:\/\/media.tierraderesistentes.com\/wp-content\/uploads\/2020\/04\/19212129\/MUJERES-DESPLAZADAS-DE-COLORADAS-DE-LA-VIRGEN.jpg","keywords":["coca","Coloradas de la Virgen","Fase I","lideres ambientales","medio ambiente","miner\u00eda","tarahumara"],"articleSection":["M\u00e9xico","Reportajes"],"inLanguage":"es","potentialAction":[{"@type":"CommentAction","name":"Comment","target":["https:\/\/tierraderesistentes.com\/pt\/2019\/04\/23\/sin-territorio-no-somos-nada\/#respond"]}]},{"@type":"WebPage","@id":"https:\/\/tierraderesistentes.com\/pt\/2019\/04\/23\/sin-territorio-no-somos-nada\/","url":"https:\/\/tierraderesistentes.com\/pt\/2019\/04\/23\/sin-territorio-no-somos-nada\/","name":"\"Sin territorio no somos nada\"","isPartOf":{"@id":"https:\/\/tierraderesistentes.com\/es\/#website"},"primaryImageOfPage":{"@id":"https:\/\/tierraderesistentes.com\/pt\/2019\/04\/23\/sin-territorio-no-somos-nada\/#primaryimage"},"image":{"@id":"https:\/\/tierraderesistentes.com\/pt\/2019\/04\/23\/sin-territorio-no-somos-nada\/#primaryimage"},"thumbnailUrl":"https:\/\/media.tierraderesistentes.com\/wp-content\/uploads\/2020\/04\/19212129\/MUJERES-DESPLAZADAS-DE-COLORADAS-DE-LA-VIRGEN.jpg","datePublished":"2019-04-23T17:32:00+00:00","dateModified":"2021-05-01T21:43:13+00:00","breadcrumb":{"@id":"https:\/\/tierraderesistentes.com\/pt\/2019\/04\/23\/sin-territorio-no-somos-nada\/#breadcrumb"},"inLanguage":"es","potentialAction":[{"@type":"ReadAction","target":["https:\/\/tierraderesistentes.com\/pt\/2019\/04\/23\/sin-territorio-no-somos-nada\/"]}]},{"@type":"ImageObject","inLanguage":"es","@id":"https:\/\/tierraderesistentes.com\/pt\/2019\/04\/23\/sin-territorio-no-somos-nada\/#primaryimage","url":"https:\/\/media.tierraderesistentes.com\/wp-content\/uploads\/2020\/04\/19212129\/MUJERES-DESPLAZADAS-DE-COLORADAS-DE-LA-VIRGEN.jpg","contentUrl":"https:\/\/media.tierraderesistentes.com\/wp-content\/uploads\/2020\/04\/19212129\/MUJERES-DESPLAZADAS-DE-COLORADAS-DE-LA-VIRGEN.jpg","width":1342,"height":901},{"@type":"BreadcrumbList","@id":"https:\/\/tierraderesistentes.com\/pt\/2019\/04\/23\/sin-territorio-no-somos-nada\/#breadcrumb","itemListElement":[{"@type":"ListItem","position":1,"name":"Home","item":"https:\/\/tierraderesistentes.com\/es\/"},{"@type":"ListItem","position":2,"name":"&#8220;Sem territ\u00f3rio, n\u00e3o somos nada&#8221;"}]},{"@type":"WebSite","@id":"https:\/\/tierraderesistentes.com\/es\/#website","url":"https:\/\/tierraderesistentes.com\/es\/","name":"Tierra de Resistentes | Consejo de Redacci\u00f3n","description":"Base de datos de defensores ambientales amenazados y asesinados en Latinoam\u00e9rica. Historias, fotograf\u00edas, videos y gr\u00e1ficos para entender la situaci\u00f3n de los resistentes.","publisher":{"@id":"https:\/\/tierraderesistentes.com\/es\/#organization"},"potentialAction":[{"@type":"SearchAction","target":{"@type":"EntryPoint","urlTemplate":"https:\/\/tierraderesistentes.com\/es\/?s={search_term_string}"},"query-input":{"@type":"PropertyValueSpecification","valueRequired":true,"valueName":"search_term_string"}}],"inLanguage":"es"},{"@type":"Organization","@id":"https:\/\/tierraderesistentes.com\/es\/#organization","name":"Tierra de resistentes","url":"https:\/\/tierraderesistentes.com\/es\/","logo":{"@type":"ImageObject","inLanguage":"es","@id":"https:\/\/tierraderesistentes.com\/es\/#\/schema\/logo\/image\/","url":"https:\/\/tierraderesistentes.com\/wp-content\/uploads\/2021\/01\/LogoEspanolAjustado-1.png","contentUrl":"https:\/\/tierraderesistentes.com\/wp-content\/uploads\/2021\/01\/LogoEspanolAjustado-1.png","width":1568,"height":944,"caption":"Tierra de resistentes"},"image":{"@id":"https:\/\/tierraderesistentes.com\/es\/#\/schema\/logo\/image\/"}},{"@type":"Person","@id":"https:\/\/tierraderesistentes.com\/es\/#\/schema\/person\/d328c945d9c0dd0755fbd9edf8b1b71b","name":"Thelma G\u00f3mez Dur\u00e1n","image":{"@type":"ImageObject","inLanguage":"es","@id":"https:\/\/tierraderesistentes.com\/es\/#\/schema\/person\/image\/4006f5631da1c2b9263e101b2864fc0b","url":"https:\/\/media.tierraderesistentes.com\/wp-content\/uploads\/2021\/02\/19212036\/Thelma-Gomez-Duran-150x150.jpg","contentUrl":"https:\/\/media.tierraderesistentes.com\/wp-content\/uploads\/2021\/02\/19212036\/Thelma-Gomez-Duran-150x150.jpg","caption":"Thelma G\u00f3mez Dur\u00e1n"},"description":"Periodista mexicana, egresada de la UNAM. Sus reportajes se han publicado en los libros Migraciones vemos\u2026 Infancias no sabemos (2008); Entre las cenizas. Historias de vida en tiempos de muerte (2012); y Generaci\u00f3n \u00a1Bang! Los nuevos cronistas del narco mexicano (2012). Es coautora del libro Periodismo ambiental. Riesgos y oportunidades en la cobertura informativa. En 2011, obtuvo el segundo lugar del Premio Alem\u00e1n de Periodismo Walter Reuter. Dos de sus trabajos recibieron el Premio Nacional de Periodismo y Divulgaci\u00f3n Cient\u00edfica en 2012 y 2014. En 2018, una de sus investigaciones obtuvo el Premio de Periodismo sobre Competencia Econ\u00f3mica. Coordin\u00f3 el trabajo Los Explotadores del Agua que, en noviembre de 2020, recibi\u00f3 el Premio Latinoamericano de Periodismo de Investigaci\u00f3n \u201cJavier Valdez\u201d.","sameAs":["https:\/\/x.com\/@Thelmagomezdura"],"url":"https:\/\/tierraderesistentes.com\/es\/author\/thelma\/"}]}},"_links":{"self":[{"href":"https:\/\/tierraderesistentes.com\/es\/wp-json\/wp\/v2\/posts\/657","targetHints":{"allow":["GET"]}}],"collection":[{"href":"https:\/\/tierraderesistentes.com\/es\/wp-json\/wp\/v2\/posts"}],"about":[{"href":"https:\/\/tierraderesistentes.com\/es\/wp-json\/wp\/v2\/types\/post"}],"author":[{"embeddable":true,"href":"https:\/\/tierraderesistentes.com\/es\/wp-json\/wp\/v2\/users\/9"}],"replies":[{"embeddable":true,"href":"https:\/\/tierraderesistentes.com\/es\/wp-json\/wp\/v2\/comments?post=657"}],"version-history":[{"count":0,"href":"https:\/\/tierraderesistentes.com\/es\/wp-json\/wp\/v2\/posts\/657\/revisions"}],"wp:featuredmedia":[{"embeddable":true,"href":"https:\/\/tierraderesistentes.com\/es\/wp-json\/wp\/v2\/media\/2893"}],"wp:attachment":[{"href":"https:\/\/tierraderesistentes.com\/es\/wp-json\/wp\/v2\/media?parent=657"}],"wp:term":[{"taxonomy":"category","embeddable":true,"href":"https:\/\/tierraderesistentes.com\/es\/wp-json\/wp\/v2\/categories?post=657"},{"taxonomy":"post_tag","embeddable":true,"href":"https:\/\/tierraderesistentes.com\/es\/wp-json\/wp\/v2\/tags?post=657"},{"taxonomy":"author","embeddable":true,"href":"https:\/\/tierraderesistentes.com\/es\/wp-json\/wp\/v2\/coauthors?post=657"}],"curies":[{"name":"wp","href":"https:\/\/api.w.org\/{rel}","templated":true}]}}