{"id":555,"date":"2020-04-19T04:07:00","date_gmt":"2020-04-19T04:07:00","guid":{"rendered":"http:\/\/tierra.jerrejerre.com\/es\/?p=555"},"modified":"2021-04-30T13:53:08","modified_gmt":"2021-04-30T13:53:08","slug":"retornar-para-cuidar-el-bosque-la-cruzada-de-yaguara-ii","status":"publish","type":"post","link":"https:\/\/tierraderesistentes.com\/es\/2020\/04\/19\/retornar-para-cuidar-el-bosque-la-cruzada-de-yaguara-ii\/","title":{"rendered":"Retornar para cuidar el bosque: la cruzada de Yaguara II"},"content":{"rendered":"\n<p class=\"has-text-color has-small-font-size\" style=\"color:#0f0f0f;max-width:830px;margin-top:0px;margin-bottom:68px\"><em><strong>Tres pueblos ind\u00edgenas intentan retornar a su territorio, del que fueron desplazados hace casi dos d\u00e9cadas, con la intenci\u00f3n de impedir que la deforestaci\u00f3n avance. El Estado no ha brindado las garant\u00edas de seguridad.<\/strong><\/em><\/p>\n\n\n\n<p>Nunca se supo de Escol\u00e1stico Ducuara. Quienes lo conocieron dicen que era un hombre trabajador y de temperamento fuerte. R\u00edgido contra el sistema de la guerra. Que no titubeaba para hablar con los del monte cuando estos con falsas promesas quer\u00edan reclutar a los m\u00e1s j\u00f3venes y llev\u00e1rselos selva adentro con un fusil colgando del hombro. <strong>Dicen que era la piedra en el zapato para las antiguas <span style=\"background-color:#374141\" class=\"td_text_highlight_marker\">Farc<\/span> y que, precisamente por eso, el 2 de mayo de 2004 lo desaparecieron y jam\u00e1s se volvi\u00f3 a saber de \u00e9l. \u00bfQui\u00e9n dio la orden? \u00bfPor qu\u00e9? \u00bfEn d\u00f3nde est\u00e1 su cuerpo? <\/strong><\/p>\n\n\n\n<p>Diecis\u00e9is a\u00f1os despu\u00e9s, siguen estando vigentes las mismas preguntas que a\u00fan no tienen respuestas. Los m\u00e1s viejos, sin embargo, aseguran que fue el grupo guerrillero, que firm\u00f3 un acuerdo de paz en 2016 y dej\u00f3 sus armas un a\u00f1o despu\u00e9s, quien se lo llev\u00f3 a sus 87 a\u00f1os. <\/p>\n\n\n\n<blockquote class=\"wp-block-quote is-layout-flow wp-block-quote-is-layout-flow\"><p>No titubeaba para hablar con los del monte cuando estos con falsas promesas quer\u00edan reclutar a los m\u00e1s j\u00f3venes y llev\u00e1rselos selva adentro con un fusil colgando del hombro.<\/p><\/blockquote>\n\n\n\n<p>Escol\u00e1stico\nDucuara fue uno de los fundadores del resguardo ind\u00edgena Llanos del Yar\u00ed-\nYaguara II, constituido el 22 de febrero de 1995 sobre 146.500 hect\u00e1reas de\nterreno bald\u00edo ubicadas entre los municipios de San Vicente del Cagu\u00e1n\n(Caquet\u00e1), La Macarena (Meta) y Calamar (Guaviare). Se cre\u00f3 para beneficiar a\n38 familias integradas por 169 personas de los pueblos pijao, tucano y\npiratapuyo, de acuerdo con el entonces Instituto Colombiano de la Reforma\nAgraria (Incora), en lo que es quiz\u00e1s el \u00fanico caso de colonizaci\u00f3n ind\u00edgena\ndirigida por parte del Estado colombiano. <\/p>\n\n\n\n<figure class=\"wp-block-image alignfull size-full\"><img loading=\"lazy\" decoding=\"async\" width=\"2560\" height=\"1707\" src=\"https:\/\/tierra.jerre-dev.xyz\/wp-content\/uploads\/2020\/04\/IMG_3686-scaled.jpg\" alt=\"\" class=\"wp-image-5402\" srcset=\"https:\/\/media.tierraderesistentes.com\/wp-content\/uploads\/2020\/04\/19210820\/IMG_3686-scaled.jpg 2560w, https:\/\/media.tierraderesistentes.com\/wp-content\/uploads\/2020\/04\/19210820\/IMG_3686-scaled-300x200.jpg 300w, https:\/\/media.tierraderesistentes.com\/wp-content\/uploads\/2020\/04\/19210820\/IMG_3686-scaled-1024x683.jpg 1024w, https:\/\/media.tierraderesistentes.com\/wp-content\/uploads\/2020\/04\/19210820\/IMG_3686-scaled-768x512.jpg 768w, https:\/\/media.tierraderesistentes.com\/wp-content\/uploads\/2020\/04\/19210820\/IMG_3686-scaled-1536x1024.jpg 1536w, https:\/\/media.tierraderesistentes.com\/wp-content\/uploads\/2020\/04\/19210820\/IMG_3686-scaled-2048x1366.jpg 2048w, https:\/\/media.tierraderesistentes.com\/wp-content\/uploads\/2020\/04\/19210820\/IMG_3686-scaled-630x420.jpg 630w, https:\/\/media.tierraderesistentes.com\/wp-content\/uploads\/2020\/04\/19210820\/IMG_3686-scaled-150x100.jpg 150w, https:\/\/media.tierraderesistentes.com\/wp-content\/uploads\/2020\/04\/19210820\/IMG_3686-scaled-696x464.jpg 696w, https:\/\/media.tierraderesistentes.com\/wp-content\/uploads\/2020\/04\/19210820\/IMG_3686-scaled-1068x712.jpg 1068w, https:\/\/media.tierraderesistentes.com\/wp-content\/uploads\/2020\/04\/19210820\/IMG_3686-scaled-1920x1280.jpg 1920w\" sizes=\"auto, (max-width: 2560px) 100vw, 2560px\" \/><figcaption>A finales de 2019, una chiva sali\u00f3 desde San Vicente del Cagu\u00e1n hacia Yaguara II con 70 ind\u00edgenas. Durante tres d\u00edas discutieron los pros y contras de retornar a su resguardo. Cr\u00e9dito: Tatiana Pardo Ibarra<\/figcaption><\/figure>\n\n\n\n<h2 class=\"wp-block-heading\"><strong>Arribar a tierra desconocida<\/strong><\/h2>\n\n\n\n<p>Los primeros exploradores fueron los pijao, quienes llegaron a tantear el terreno en el a\u00f1o 1964, transportados y asistidos por la Fuerza A\u00e9rea Colombiana desde Chaparral, en el sur del Tolima. <strong>Hu\u00edan de la violencia bipartidista que asolaba a Colombia desde los a\u00f1os 40 y del despojo de gran parte de sus tierras.<\/strong> Fue el Estado quien los anim\u00f3 a asentarse en una nueva regi\u00f3n. De los Andes llegaron a la Amazonia sin saber cazar ni navegar. Aprendieron de la agricultura de tumba y poco a poco fueron adaptando el suelo forastero a los cerdos, las gallinas y el ganado. <strong>Quemaron el monte, abrieron las primeras trochas y construyeron peque\u00f1os puentes. Otros arribaron despu\u00e9s serpenteando el r\u00edo Tunia buscando alternativas distintas al caucho, las pieles animales y la coca.\u00a0 <\/strong><\/p>\n\n\n\n<blockquote class=\"wp-block-quote is-layout-flow wp-block-quote-is-layout-flow\"><p>\u00abEra muy duro porque los blancos nos ten\u00edan de esclavos. Los blancos maltrataban y violaban mujeres\u00bb.<\/p><cite>Ilda Barra<\/cite><\/blockquote>\n\n\n\n<p style=\"max-width:860px\">\u2014Mi pap\u00e1 le pidi\u00f3 permiso a Escol\u00e1stico\npara que nos dejara vivir ac\u00e1 y \u00e9l nos acogi\u00f3 como parte de la comunidad\n\u2014cuenta la piratapuyo Ilda Barra Builes, de 44 a\u00f1os\u2014 Ellos rayaban palos de caucho, le\nsacaban la leche y hac\u00edan unos cuerotes grandes para los patrones. Despu\u00e9s\ntrabajaron con pieles de tigrillo, pero eso era muy duro porque los blancos nos\nten\u00edan de esclavos. Los blancos maltrataban y violaban mujeres. <\/p>\n\n\n\n<p>Barra \u2014con una melena lisa y negra que le roza la cadera, y delgada como un espagueti\u2014 recuerda que tard\u00f3 25 d\u00edas en llegar a Yaguara II desde la cuenca del r\u00edo Apaporis. Ella y su familia remaron en canoa r\u00edo arriba y atravesaron el Parque Nacional Serran\u00eda de Chiribiquete en \u00e9poca de verano para aprovechar las pe\u00f1as que se forman porque, en sus palabras, \u201csi el agua se crece, solo quedan dos opciones: ahogarse o perderse\u201d. Un a\u00f1o despu\u00e9s todos se marcharon, menos Ilda. Fue la \u00fanica que se qued\u00f3, y resisti\u00f3 la peor parte. <\/p>\n\n\n\n<figure class=\"wp-block-image alignfull size-full\"><img loading=\"lazy\" decoding=\"async\" width=\"2560\" height=\"1707\" src=\"https:\/\/tierra.jerre-dev.xyz\/wp-content\/uploads\/2020\/03\/IMG_3730-scaled.jpg\" alt=\"\" class=\"wp-image-5395\" srcset=\"https:\/\/media.tierraderesistentes.com\/wp-content\/uploads\/2020\/03\/19210831\/IMG_3730-scaled.jpg 2560w, https:\/\/media.tierraderesistentes.com\/wp-content\/uploads\/2020\/03\/19210831\/IMG_3730-scaled-300x200.jpg 300w, https:\/\/media.tierraderesistentes.com\/wp-content\/uploads\/2020\/03\/19210831\/IMG_3730-scaled-1024x683.jpg 1024w, https:\/\/media.tierraderesistentes.com\/wp-content\/uploads\/2020\/03\/19210831\/IMG_3730-scaled-768x512.jpg 768w, https:\/\/media.tierraderesistentes.com\/wp-content\/uploads\/2020\/03\/19210831\/IMG_3730-scaled-1536x1024.jpg 1536w, https:\/\/media.tierraderesistentes.com\/wp-content\/uploads\/2020\/03\/19210831\/IMG_3730-scaled-2048x1366.jpg 2048w, https:\/\/media.tierraderesistentes.com\/wp-content\/uploads\/2020\/03\/19210831\/IMG_3730-scaled-630x420.jpg 630w, https:\/\/media.tierraderesistentes.com\/wp-content\/uploads\/2020\/03\/19210831\/IMG_3730-scaled-150x100.jpg 150w, https:\/\/media.tierraderesistentes.com\/wp-content\/uploads\/2020\/03\/19210831\/IMG_3730-scaled-696x464.jpg 696w, https:\/\/media.tierraderesistentes.com\/wp-content\/uploads\/2020\/03\/19210831\/IMG_3730-scaled-1068x712.jpg 1068w, https:\/\/media.tierraderesistentes.com\/wp-content\/uploads\/2020\/03\/19210831\/IMG_3730-scaled-1920x1280.jpg 1920w\" sizes=\"auto, (max-width: 2560px) 100vw, 2560px\" \/><figcaption><em>Cr\u00e9dito: Tatiana Pardo Ibarra<\/em><\/figcaption><\/figure>\n\n\n\n<p>La\naparente tranquilidad termin\u00f3\nen el a\u00f1o 2004. Las Farc dieron la orden de que cualquier persona con\napellido Bocanegra ten\u00eda que abandonar el resguardo en menos de 72 horas. <\/p>\n\n\n\n<blockquote class=\"wp-block-quote is-layout-flow wp-block-quote-is-layout-flow\"><p>\u00abEl 93% de la poblaci\u00f3n fue v\u00edctima del desplazamiento forzado (\u2026) y de la desaparici\u00f3n forzosa de tres miembros de la comunidad: Escol\u00e1stico Ducuara, Orlando Cruz y Seraf\u00edn M\u00e9ndez\u00bb<\/p><\/blockquote>\n\n\n\n<p>Solo tres familias se quedaron en Yaguara II \u2014entre ellas la de Barra, que ya no estaba sola sino con varios hijos peque\u00f1os\u2014. \u201cEl 93% de la poblaci\u00f3n fue v\u00edctima del desplazamiento forzado (\u2026) y de la desaparici\u00f3n forzosa de tres miembros de la comunidad: Escol\u00e1stico Ducuara, Orlando Cruz y Seraf\u00edn M\u00e9ndez\u201d, seg\u00fan relata el <a href=\"https:\/\/www.mininterior.gov.co\/sites\/default\/files\/upload\/226_resguardo_yaguara_ii_caqueta-llanos_del_yari.pdf\">&#8216;Plan de salvaguarda \u00e9tnica del pueblo pijao&#8217;<\/a> elaborado por el Ministerio del Interior. La mayor\u00eda de esas familias se asentaron en el casco urbano de San Vicente del Cagu\u00e1n, en un \u00e1rea llamada Villa Norte, donde todav\u00eda siguen. Otras buscaron rumbos hacia Villavicencio, Bogot\u00e1, Granada, Neiva, Ibagu\u00e9 e incluso por fuera del pa\u00eds. <strong>El tejido social se rompi\u00f3<\/strong>. <\/p>\n\n\n\n<blockquote class=\"wp-block-quote is-layout-flow wp-block-quote-is-layout-flow\"><p>\u00abLe lleg\u00f3 el turno a otra generaci\u00f3n\u00bb.<\/p><cite>Luis Carvajal<\/cite><\/blockquote>\n\n\n\n<p style=\"max-width:860px\">\u2014Fue tan duro ese d\u00eda. Todo el mundo llorando y mirando qu\u00e9 cositas se pod\u00edan llevar para no perder lo que se trabaj\u00f3 con tanto esfuerzo \u2014cuenta Luis Carvajal, de 72 a\u00f1os, ya con varios agujeros visibles en la boca por la falta de dientes\u2014 y as\u00ed fueron saliendo los Bocanegra, pero despu\u00e9s todos por la presi\u00f3n y el miedo a represalias. <strong>Usted siente que queda en el aire, \u00bfme entiende? Que todo se le revuelve y no sabe qu\u00e9 hacer con la vida.\u00a0<\/strong> Y ahora cuando hay ganas de regresar por esto de la paz, pues ya no tengo edad para usar el hacha, la guada\u00f1a o la sierra. Le lleg\u00f3 el turno a otra generaci\u00f3n.<\/p>\n\n\n\n<h2 class=\"wp-block-heading\"><strong>La deforestaci\u00f3n tras el desplazamiento<\/strong><\/h2>\n\n\n\n<p>El 26 de septiembre de 2017 lleg\u00f3 con un aire de triunfo. El Juzgado Primero Civil del Circuito Especializado en Restituci\u00f3n de Tierras, en Ibagu\u00e9, <a href=\"https:\/\/www.restituciondetierras.gov.co\/historico-de-noticias\/-\/noticias\/907771\">otorg\u00f3 medidas cautelares<\/a> en pro de la protecci\u00f3n de la comunidad del resguardo Llanos del Yar\u00ed \u2014Yaguara II como v\u00edctima colectiva del conflicto armado en Colombia.<strong> El juez reconoci\u00f3 no solo los hechos de violencia perpetrados contra ellos por las Farc<\/strong>, especialmente por los frentes 14 y 15 de la columna m\u00f3vil Te\u00f3filo Forero y algunas veces por el frente primero del Guaviare, <strong>sino tambi\u00e9n el aumento \u201cdram\u00e1tico\u201d de la deforestaci\u00f3n y la presencia de cultivos de uso il\u00edcito \u201ca partir del abandono del territorio\u201d.<\/strong> <\/p>\n\n\n\n<p>En el Auto 0263, el mismo juez le orden\u00f3 al Ministerio de Ambiente y Desarrollo Sostenible, a Corpoamazon\u00eda, CDA y Cormacarena \u2014que son las tres autoridades ambientales regionales con jurisdicci\u00f3n en la zona del resguardo\u2014 y a la Fiscal\u00eda General implementar una \u201cestrategia integral e inmediata\u201d para que cese la tala indiscriminada de bosque al interior de Yaguara II. La orden fue m\u00e1s all\u00e1: las autoridades deber\u00edan judicializar a las personas que \u201ctrafiquen la madera extra\u00edda sin permiso\u201d y poner a andar un \u201cplan de reforestaci\u00f3n y recuperaci\u00f3n ambiental\u201d.<\/p>\n\n\n\n<blockquote class=\"wp-block-quote is-layout-flow wp-block-quote-is-layout-flow\"><p>Las autoridades deber\u00edan judicializar a las personas que \u201ctrafiquen la madera extra\u00edda sin permiso\u201d y poner a andar un \u201cplan de reforestaci\u00f3n y recuperaci\u00f3n ambiental<\/p><\/blockquote>\n\n\n\n<p>A partir de im\u00e1genes satelitales y sobrevuelos a\u00e9reos, efectivamente se puede identificar y dimensionar la p\u00e9rdida de bosque natural al interior del resguardo ind\u00edgena. Si de manera simplista traz\u00e1ramos una l\u00ednea horizontal para dividir al territorio en dos, en la parte superior est\u00e1 concentrada la deforestaci\u00f3n, especialmente en las veredas El Retiro, El Jord\u00e1n y El Morichal, que hacen parte del municipio La Macarena, y en la vereda Itilla, de Calamar. All\u00ed las carreteras \u2014que se abren como espinas de pescado hacia distintas direcciones\u2014 llegan a conectarse con la famosa Marginal de la Selva, un viejo y muy controvertido proyecto vial para recortar los 381 kil\u00f3metros que separan entre San Vicente del Cagu\u00e1n y San Jos\u00e9 del Guaviare. Las retroexcavadoras y motosierras han ido tumbando parte del tapete verde de la Amazonia colombiana a un ritmo preocupante. <\/p>\n\n\n\n<figure class=\"wp-block-image alignfull size-full\"><img loading=\"lazy\" decoding=\"async\" width=\"2560\" height=\"1707\" src=\"https:\/\/tierra.jerre-dev.xyz\/wp-content\/uploads\/2020\/03\/Foto2-scaled.jpg\" alt=\"\" class=\"wp-image-5387\" srcset=\"https:\/\/media.tierraderesistentes.com\/wp-content\/uploads\/2020\/03\/19210841\/Foto2-scaled.jpg 2560w, https:\/\/media.tierraderesistentes.com\/wp-content\/uploads\/2020\/03\/19210841\/Foto2-scaled-300x200.jpg 300w, https:\/\/media.tierraderesistentes.com\/wp-content\/uploads\/2020\/03\/19210841\/Foto2-scaled-1024x683.jpg 1024w, https:\/\/media.tierraderesistentes.com\/wp-content\/uploads\/2020\/03\/19210841\/Foto2-scaled-768x512.jpg 768w, https:\/\/media.tierraderesistentes.com\/wp-content\/uploads\/2020\/03\/19210841\/Foto2-scaled-1536x1024.jpg 1536w, https:\/\/media.tierraderesistentes.com\/wp-content\/uploads\/2020\/03\/19210841\/Foto2-scaled-2048x1366.jpg 2048w, https:\/\/media.tierraderesistentes.com\/wp-content\/uploads\/2020\/03\/19210841\/Foto2-scaled-630x420.jpg 630w, https:\/\/media.tierraderesistentes.com\/wp-content\/uploads\/2020\/03\/19210841\/Foto2-scaled-150x100.jpg 150w, https:\/\/media.tierraderesistentes.com\/wp-content\/uploads\/2020\/03\/19210841\/Foto2-scaled-696x464.jpg 696w, https:\/\/media.tierraderesistentes.com\/wp-content\/uploads\/2020\/03\/19210841\/Foto2-scaled-1068x712.jpg 1068w, https:\/\/media.tierraderesistentes.com\/wp-content\/uploads\/2020\/03\/19210841\/Foto2-scaled-1920x1280.jpg 1920w\" sizes=\"auto, (max-width: 2560px) 100vw, 2560px\" \/><figcaption>En un sobrevuelo a\u00e9reo realizado en 2019 se corrobor\u00f3 el fen\u00f3meno de deforestaci\u00f3n dentro del territorio ind\u00edgena, as\u00ed como la ampliaci\u00f3n de lotes para ganader\u00eda. Cr\u00e9dito: FCDS.<\/figcaption><\/figure>\n\n\n\n<p>Era dif\u00edcil que Yaguara II, al estar ubicado en medio de los tres departamentos m\u00e1s deforestados del pa\u00eds, saliera librado de ese flagelo. El \u00faltimo informe del Instituto de Hidrolog\u00eda, Meteorolog\u00eda y Estudios Ambientales (Ideam) lo corrobora: <strong>en el a\u00f1o 2018, el 9,3% de la deforestaci\u00f3n nacional (cerca de 18.300 hect\u00e1reas) ocurri\u00f3 al interior de resguardos ind\u00edgenas<\/strong>. Despu\u00e9s del Nukak-Mak\u00fa en Guaviare, Yaguara II es el m\u00e1s cr\u00edtico de todos: <strong>se arrasaron con 2.348 hect\u00e1reas de bosque en un solo a\u00f1o.<\/strong> Eso significa m\u00e1s de 6 hect\u00e1reas por d\u00eda, la cifra m\u00e1s alta registrada en las \u00faltimas dos d\u00e9cadas. Cada parche de bosque tumbado, en promedio, mide 8 hect\u00e1reas.<\/p>\n\n\n\n<p>Sin embargo, los datos a una escala de 1:25.000 \u2014mayor a la que tiene el Gobierno Nacional\u2014 muestran un cuadro m\u00e1s preocupante. \u00a0El \u00e1rea de los lotes abiertos entre abril de 2018 a septiembre de 2019, est\u00e1 entre 0,5 y 57 hect\u00e1reas. En ese periodo se talaron 2.037 hect\u00e1reas de bosque, seg\u00fan el monitoreo que ha hecho la Fundaci\u00f3n para la Conservaci\u00f3n y el Desarrollo Sostenible (FCDS) que trabaja en esa regi\u00f3n. <strong>Sus investigadores identificaron dos pistas a\u00e9reas<\/strong>: una es la del mismo caser\u00edo \u2014de 1 kil\u00f3metro, aproximadamente, construida por los primeros ind\u00edgenas que llegaron a habitar Yaguara II y en donde la Fuerza A\u00e9rea aterrizaba dos veces al mes para dejarles v\u00edveres suficientes\u2014 y otra ilegal de 1,4 kil\u00f3metros, ubicada en el limite occidental del resguardo en las sabanas del Yar\u00ed, que la comunidad pide con insistencia se inhabilite.<\/p>\n\n\n\n<iframe loading=\"lazy\" src=\"https:\/\/albumizr.com\/a\/cc3N\" scrolling=\"no\" frameborder=\"0\" allowfullscreen=\"\" width=\"100%\" height=\"500\"><\/iframe>\n\n\n\n<p style=\"max-width:860px\">\u2014Este es uno de los resguardos ind\u00edgenas\nm\u00e1s grandes al noroccidente de la Amazonia colombiana \u2014explica la economista\nGloria Gonz\u00e1lez, encargada del relacionamiento con pueblos ind\u00edgenas en la\nFCDS\u2014 y es importante porque es un corredor que permite la conectividad entre\nlas sabanas del Yar\u00ed y la selva amaz\u00f3nica, entre las \u00e1reas protegidas de La\nMacarena y Chiribiquete. Si se tumba, se rompe ese flujo. <\/p>\n\n\n\n<p><strong>Eso significa que el resguardo est\u00e1 situado sobre uno de los corredores biol\u00f3gicos m\u00e1s importantes que hay entre los Andes y la Amazonia colombiana, que permite un flujo e intercambio gen\u00e9tico de un lado al otro. <\/strong>Al ritmo en el que se est\u00e1 desconectando, cada vez se vuelve m\u00e1s dif\u00edcil para una especie \u2018cruzar\u2019 y colonizar otros lugares. En palabras coloquiales: van quedando poblaciones aisladas, con poco margen de maniobra para moverse. El paisaje corre el riesgo de volverse menos diverso.<\/p>\n\n\n\n<blockquote class=\"wp-block-quote is-layout-flow wp-block-quote-is-layout-flow\"><p>\u201cno hay garant\u00edas ni apoyo log\u00edstico para entrar a la zona y realizar la verificaci\u00f3n de la denuncia ambiental interpuesta\u201d<\/p><cite>Mario \u00c1ngel Bar\u00f3n<\/cite><\/blockquote>\n\n\n\n<p>Corpoamazon\u00eda, la autoridad ambiental en el departamento de Caquet\u00e1, reconoce que <strong>\u201ces urgente la entrada al territorio (para frenar la deforestaci\u00f3n) pero en compa\u00f1\u00eda de las Fuerzas Militares debido a la complejidad topogr\u00e1fica y de orden p\u00fablico\u201d <\/strong>en Yaguara II, seg\u00fan dijo en su <a class=\"rank-math-link\" href=\"https:\/\/es.scribd.com\/document\/451297835\/Respuesta-derecho-de-peticio-n-CORPOAMAZONIA-Yaguara-II\">respuesta a un derecho de petici\u00f3n<\/a> para conocer los avances en el cumplimiento de las \u00f3rdenes dadas por el juez de Ibagu\u00e9. Su director, Mario \u00c1ngel Bar\u00f3n, se\u00f1al\u00f3 que han realizado ocho reuniones de trabajo (tanto internas como con la comunidad), pero insiste en que \u201cno hay garant\u00edas ni apoyo log\u00edstico para entrar a la zona y realizar la verificaci\u00f3n de la denuncia ambiental interpuesta\u201d. Pese a esas dificultades, m\u00e1s \u201cuna v\u00eda de acceso en p\u00e9simas condiciones\u201d, la autoridad logr\u00f3 evidenciar que \u2014en palabras de Bar\u00f3n\u2014 \u00a0\u201clas sabanas que pertenecen al resguardo est\u00e1n siendo quemadas con fines de ganader\u00eda\u201d.\u00a0 <\/p>\n\n\n\n<figure class=\"wp-block-image alignwide size-full\"><img loading=\"lazy\" decoding=\"async\" width=\"1009\" height=\"447\" src=\"https:\/\/tierra.jerre-dev.xyz\/wp-content\/uploads\/2021\/04\/13-1.png\" alt=\"\" class=\"wp-image-5399\" srcset=\"https:\/\/media.tierraderesistentes.com\/wp-content\/uploads\/2021\/04\/19210824\/13-1.png 1009w, https:\/\/media.tierraderesistentes.com\/wp-content\/uploads\/2021\/04\/19210824\/13-1-300x133.png 300w, https:\/\/media.tierraderesistentes.com\/wp-content\/uploads\/2021\/04\/19210824\/13-1-768x340.png 768w, https:\/\/media.tierraderesistentes.com\/wp-content\/uploads\/2021\/04\/19210824\/13-1-948x420.png 948w, https:\/\/media.tierraderesistentes.com\/wp-content\/uploads\/2021\/04\/19210824\/13-1-150x66.png 150w, https:\/\/media.tierraderesistentes.com\/wp-content\/uploads\/2021\/04\/19210824\/13-1-696x308.png 696w\" sizes=\"auto, (max-width: 1009px) 100vw, 1009px\" \/><\/figure>\n\n\n\n<p>La <a href=\"https:\/\/es.scribd.com\/document\/451297324\/Respuesta-derecho-de-peticion-CORMACARENA-Yaguara-II\">respuesta de Cormacarena<\/a>, que es responsable ambiental de la zona en el Meta, va en la misma l\u00ednea. Su subdirector de gesti\u00f3n y control ambiental, Wilson Eduardo Z\u00e1rate, se refiri\u00f3 a Yaguara II como \u201cuna zona de orden p\u00fablico delicado y bastante distante del casco urbano\u201d, lo que \u201ccondiciona y limita el ejercicio de la autoridad ambiental en el control de la deforestaci\u00f3n e implementaci\u00f3n del protocolo de restauraci\u00f3n\u201d. Como el resguardo queda a m\u00e1s de 40 kil\u00f3metros de La Macarena, se\u00f1ala Z\u00e1rate, \u201ca los funcionarios les es imposible cumplir con sus labores sin el acompa\u00f1amiento de la Fuerza P\u00fablica\u201d, que \u201cse ha solicitado en vano\u201d. <\/p>\n\n\n\n<blockquote class=\"wp-block-quote is-layout-flow wp-block-quote-is-layout-flow\"><p>\u00abLas Farc ejerc\u00edan control y prohib\u00edan las altas talas de bosque, pero las familias campesinas aprovecharon esta coyuntura para agrandar sus fincas para la ganader\u00eda\u00bb<\/p><cite>Gabriel Polo<\/cite><\/blockquote>\n\n\n\n<p>La informaci\u00f3n que brinda la <a href=\"https:\/\/es.scribd.com\/document\/451296940\/Respuesta-derecho-de-peticion-CDA-Yaguara-II\">CDA<\/a>, autoridad ambiental en Guaviare, sigue el mismo camino: <strong>escasez de personal, largas distancias y disidencias.<\/strong> Sobre el aumento de la deforestaci\u00f3n, el subdirector de calidad ambiental, Gabriel Polo, asegura que se \u00abdispar\u00f3\u00bb en 2016 por las negociaciones de paz, pues \u00ablas Farc ejerc\u00edan control y prohib\u00edan las altas talas de bosque, pero las familias campesinas aprovecharon esta coyuntura para agrandar sus fincas para la ganader\u00eda\u00bb.<\/p>\n\n\n\n<figure class=\"wp-block-image alignfull size-full\"><img loading=\"lazy\" decoding=\"async\" width=\"2560\" height=\"1707\" src=\"https:\/\/tierra.jerre-dev.xyz\/wp-content\/uploads\/2020\/03\/Foto3-scaled.jpg\" alt=\"\" class=\"wp-image-5388\" srcset=\"https:\/\/media.tierraderesistentes.com\/wp-content\/uploads\/2020\/03\/19210839\/Foto3-scaled.jpg 2560w, https:\/\/media.tierraderesistentes.com\/wp-content\/uploads\/2020\/03\/19210839\/Foto3-scaled-300x200.jpg 300w, https:\/\/media.tierraderesistentes.com\/wp-content\/uploads\/2020\/03\/19210839\/Foto3-scaled-1024x683.jpg 1024w, https:\/\/media.tierraderesistentes.com\/wp-content\/uploads\/2020\/03\/19210839\/Foto3-scaled-768x512.jpg 768w, https:\/\/media.tierraderesistentes.com\/wp-content\/uploads\/2020\/03\/19210839\/Foto3-scaled-1536x1024.jpg 1536w, https:\/\/media.tierraderesistentes.com\/wp-content\/uploads\/2020\/03\/19210839\/Foto3-scaled-2048x1366.jpg 2048w, https:\/\/media.tierraderesistentes.com\/wp-content\/uploads\/2020\/03\/19210839\/Foto3-scaled-630x420.jpg 630w, https:\/\/media.tierraderesistentes.com\/wp-content\/uploads\/2020\/03\/19210839\/Foto3-scaled-150x100.jpg 150w, https:\/\/media.tierraderesistentes.com\/wp-content\/uploads\/2020\/03\/19210839\/Foto3-scaled-696x464.jpg 696w, https:\/\/media.tierraderesistentes.com\/wp-content\/uploads\/2020\/03\/19210839\/Foto3-scaled-1068x712.jpg 1068w, https:\/\/media.tierraderesistentes.com\/wp-content\/uploads\/2020\/03\/19210839\/Foto3-scaled-1920x1280.jpg 1920w\" sizes=\"auto, (max-width: 2560px) 100vw, 2560px\" \/><figcaption>Seg\u00fan la FCDS, el \u00e1rea de los parches de bosque deforestados est\u00e1 entre 0,5 y 57 hect\u00e1reas. Foto: FCDS.<\/figcaption><\/figure>\n\n\n\n<p>Mientras eso ocurre, desde el aire el bosque luce mordisqueado y con varios parches de selva calcinados. Pero esa sigue siendo una mirada insuficiente, macro. <strong>Los tres municipios de los que hace parte Yaguara II tienen m\u00e1s de 36.000 registros biol\u00f3gicos<\/strong>, seg\u00fan el Sistema de Informaci\u00f3n sobre Biodiversidad (SIB) de Colombia: en La Macarena son 27.309; en San Vicente del Cagu\u00e1n, 6.995; y en Calamar, 2.475. Solo en el \u00e1rea que corresponde al territorio ind\u00edgena, hay 769 registros de 400 especies distintas. <\/p>\n\n\n\n<p>Es justamente esa biodiversidad la que\ntambi\u00e9n se busca proteger con la orden judicial. El Ministerio de Ambiente\nsiente que sus esfuerzos van en la direcci\u00f3n correcta y\n<a href=\"https:\/\/es.scribd.com\/document\/451298021\/Respuesta-derecho-de-peticion-MINAMBIENTE-Yaguara-II\">se\u00f1<\/a><a href=\"https:\/\/es.scribd.com\/document\/451298021\/Respuesta-derecho-de-peticion-MINAMBIENTE-Yaguara-II\">ala como\navances<\/a>: la creaci\u00f3n del Consejo Nacional de la Lucha contra la\nDeforestaci\u00f3n y otros Cr\u00edmenes Ambientales Asociados (Conaldef), el operativo Artemisa, que est\u00e1 en marcha\ndesde abril de 2019 y es catalogado como la gran apuesta del gobierno contra\nlos verdugos de los recursos naturales. Tambi\u00e9n se nombra al programa Visi\u00f3n\nAmazon\u00eda \u2014que es financiado por Alemania, Noruega y Reino Unido\u2014, y el Pacto\npor la sostenibilidad \u2018producir conservando y conservar produciendo\u2019. <\/p>\n\n\n\n<p><strong>Ninguna de esas acciones se hizo en Yaguara II. Ni detalla el Ministerio alguna estrategia para ese territorio en particular, tal y como se le orden\u00f3.\u00a0<\/strong> <\/p>\n\n\n\n<figure class=\"wp-block-image alignfull size-full\"><img loading=\"lazy\" decoding=\"async\" width=\"2560\" height=\"1707\" src=\"https:\/\/tierra.jerre-dev.xyz\/wp-content\/uploads\/2020\/03\/Foto7-scaled.jpg\" alt=\"\" class=\"wp-image-5392\" srcset=\"https:\/\/media.tierraderesistentes.com\/wp-content\/uploads\/2020\/03\/19210835\/Foto7-scaled.jpg 2560w, https:\/\/media.tierraderesistentes.com\/wp-content\/uploads\/2020\/03\/19210835\/Foto7-scaled-300x200.jpg 300w, https:\/\/media.tierraderesistentes.com\/wp-content\/uploads\/2020\/03\/19210835\/Foto7-scaled-1024x683.jpg 1024w, https:\/\/media.tierraderesistentes.com\/wp-content\/uploads\/2020\/03\/19210835\/Foto7-scaled-768x512.jpg 768w, https:\/\/media.tierraderesistentes.com\/wp-content\/uploads\/2020\/03\/19210835\/Foto7-scaled-1536x1024.jpg 1536w, https:\/\/media.tierraderesistentes.com\/wp-content\/uploads\/2020\/03\/19210835\/Foto7-scaled-2048x1366.jpg 2048w, https:\/\/media.tierraderesistentes.com\/wp-content\/uploads\/2020\/03\/19210835\/Foto7-scaled-630x420.jpg 630w, https:\/\/media.tierraderesistentes.com\/wp-content\/uploads\/2020\/03\/19210835\/Foto7-scaled-150x100.jpg 150w, https:\/\/media.tierraderesistentes.com\/wp-content\/uploads\/2020\/03\/19210835\/Foto7-scaled-696x464.jpg 696w, https:\/\/media.tierraderesistentes.com\/wp-content\/uploads\/2020\/03\/19210835\/Foto7-scaled-1068x712.jpg 1068w, https:\/\/media.tierraderesistentes.com\/wp-content\/uploads\/2020\/03\/19210835\/Foto7-scaled-1920x1280.jpg 1920w\" sizes=\"auto, (max-width: 2560px) 100vw, 2560px\" \/><figcaption>En Yaguara II hay 769 registros de 400 especies distintas en el Sistema de Biodiversidad de Colombia-SIB. Cr\u00e9dito: Tatiana Pardo Ibarra.<\/figcaption><\/figure>\n\n\n\n<h2 class=\"wp-block-heading\"><strong>Las amenazas <\/strong><\/h2>\n\n\n\n<p>Hace\nexactamente un a\u00f1o, un d\u00eda de marzo, la esposa de Alexander Bocanegra M\u00e9ndez,\nel gobernador del cabildo ind\u00edgena, lleg\u00f3 al resguardo acompa\u00f1ada de tres\nfamiliares m\u00e1s. Apareci\u00f3 a las 2 de la madrugada como si la estuviesen\npersiguiendo. Como si se hubiese escapado y luego hubiera atravesado corriendo,\nsin descanso, decenas de kil\u00f3metros de trocha, monte y sabana con la esperanza\nde no encontrar a su marido tirado en el suelo. Muerto. Lleg\u00f3 sin previo aviso,\ntras recibir una llamada con un mensaje escueto pero que atraves\u00f3 su cuerpo\ncomo un sablazo: \u201cAv\u00edsenle a Alex que lo van a matar\u201d. <\/p>\n\n\n\n<p>En Yaguara II no hay se\u00f1al de celular.<\/p>\n\n\n\n<blockquote class=\"wp-block-quote is-layout-flow wp-block-quote-is-layout-flow\"><p>\u00abDesde ese d\u00eda temo por mi vida\u00bb<\/p><cite>Alexander Bocanegra <\/cite><\/blockquote>\n\n\n\n<p>Ese mismo mes Bocanegra fue a la Defensor\u00eda del Pueblo a alertar a las autoridades que su vida corr\u00eda peligro. \u201c<strong>El se\u00f1or <span style=\"background-color:#374141\" class=\"td_text_highlight_marker\">Samuel Tumbo<\/span>, que est\u00e1 invadiendo el territorio de Yaguara II, el 15 de marzo se reuni\u00f3 con un jefe de las disidencias de las Farc donde ofreci\u00f3 armas y dinero para que me asesinaran. <\/strong>Al parecer acept\u00f3 y dijo que \u2018ahora era objetivo militar\u2019. Desde ese d\u00eda temo por mi vida\u201d, se lee en su declaraci\u00f3n. <\/p>\n\n\n\n<p>Ese integrante de la antigua guerrilla \u2014que decidi\u00f3 no acogerse al acuerdo de paz\u2014 al que alude Bocanegra era <span style=\"background-color:#374141\" class=\"td_text_highlight_marker\">Mario L\u00f3pez C\u00f3rdoba, alias el \u2018Negro Edward\u2019<\/span>, quien muri\u00f3 en un bombardeo del Ej\u00e9rcito en junio de 2019. Seg\u00fan los informes de inteligencia, hab\u00eda sido delegado por el disidente <span style=\"background-color:#374141\" class=\"td_text_highlight_marker\">&#8216;Gentil Duarte&#8217;<\/span> para expandir este grupo armado en los departamentos de Caquet\u00e1, Guaviare, Meta y Putumayo, <strong>\u00abespecialmente para controlar la cadena de producci\u00f3n y comercializaci\u00f3n de droga con carteles de narcotr\u00e1fico en el exterior\u00bb. <\/strong><\/p>\n\n\n\n<blockquote class=\"wp-block-quote is-layout-flow wp-block-quote-is-layout-flow\"><p>\u201cAs\u00ed que nunca pude saber bien qu\u00e9 pas\u00f3, si s\u00ed me iban a matar o no. Qued\u00e9 en el limbo\u201d<\/p><cite>Alexander Bocanegra<\/cite><\/blockquote>\n\n\n\n<p>Un tiempo despu\u00e9s, Alexander Bocanegra cuenta que se reuni\u00f3 y convers\u00f3 durante 45 minutos con el comandante de las disidencias <span style=\"background-color:#374141\" class=\"td_text_highlight_marker\">\u2018Gildardo Cucho\u2019<\/span> para esclarecer su estado de seguridad, pero \u00e9ste tambi\u00e9n muri\u00f3 luego en otra operaci\u00f3n militar en zona rural de San Vicente del Cagu\u00e1n que fue catalogada por el presidente <span style=\"background-color:#374141\" class=\"td_text_highlight_marker\">Iv\u00e1n Duque<\/span> como \u201cmeticulosa e impecable\u201d <strong>a pesar de que luego se descubri\u00f3 que hab\u00eda ocasionado la muerte de varios menores de edad, generando un esc\u00e1ndalo nacional. <\/strong><\/p>\n\n\n\n<p>\u201cAs\u00ed que nunca pude saber bien qu\u00e9 pas\u00f3, si s\u00ed me iban a matar o no. Qued\u00e9 en el limbo\u201d, dice \u00e9l.<\/p>\n\n\n\n<figure class=\"wp-block-image alignfull size-full\"><img loading=\"lazy\" decoding=\"async\" width=\"2560\" height=\"1707\" src=\"https:\/\/tierra.jerre-dev.xyz\/wp-content\/uploads\/2020\/03\/Foto4-scaled.jpg\" alt=\"\" class=\"wp-image-5389\" srcset=\"https:\/\/media.tierraderesistentes.com\/wp-content\/uploads\/2020\/03\/19210838\/Foto4-scaled.jpg 2560w, https:\/\/media.tierraderesistentes.com\/wp-content\/uploads\/2020\/03\/19210838\/Foto4-scaled-300x200.jpg 300w, https:\/\/media.tierraderesistentes.com\/wp-content\/uploads\/2020\/03\/19210838\/Foto4-scaled-1024x683.jpg 1024w, https:\/\/media.tierraderesistentes.com\/wp-content\/uploads\/2020\/03\/19210838\/Foto4-scaled-768x512.jpg 768w, https:\/\/media.tierraderesistentes.com\/wp-content\/uploads\/2020\/03\/19210838\/Foto4-scaled-1536x1024.jpg 1536w, https:\/\/media.tierraderesistentes.com\/wp-content\/uploads\/2020\/03\/19210838\/Foto4-scaled-2048x1366.jpg 2048w, https:\/\/media.tierraderesistentes.com\/wp-content\/uploads\/2020\/03\/19210838\/Foto4-scaled-630x420.jpg 630w, https:\/\/media.tierraderesistentes.com\/wp-content\/uploads\/2020\/03\/19210838\/Foto4-scaled-150x100.jpg 150w, https:\/\/media.tierraderesistentes.com\/wp-content\/uploads\/2020\/03\/19210838\/Foto4-scaled-696x464.jpg 696w, https:\/\/media.tierraderesistentes.com\/wp-content\/uploads\/2020\/03\/19210838\/Foto4-scaled-1068x712.jpg 1068w, https:\/\/media.tierraderesistentes.com\/wp-content\/uploads\/2020\/03\/19210838\/Foto4-scaled-1920x1280.jpg 1920w\" sizes=\"auto, (max-width: 2560px) 100vw, 2560px\" \/><figcaption>Alexander Bocanegra M\u00e9ndez, gobernador del cabildo ind\u00edgena LLanos del Yar\u00ed-Yaguara II. Cr\u00e9dito: Tatiana Pardo Ibarra<\/figcaption><\/figure>\n\n\n\n<p>Bocanegra decidi\u00f3 salir de la zona. La Unidad Nacional de Protecci\u00f3n (UNP) le asign\u00f3 un hombre de seguridad \u2014un ind\u00edgena de la comunidad y sin armamento\u2014, cambi\u00f3 sus rutinas y se fue del departamento esperando que la tensi\u00f3n menguara. En este pa\u00eds, donde <a href=\"https:\/\/news.un.org\/es\/story\/2020\/01\/1467912\">seg\u00fan cifras de la ONU<\/a> <strong>fueron asesinados 107 defensores de los derechos humanos en 2019, el 98% en municipios donde se llevan a cabo actividades il\u00edcitas y operan grupos criminales o armados, proteger la selva, los r\u00edos, los p\u00e1ramos y animales es una labor que puede pagarse con la vida misma. <\/strong><\/p>\n\n\n\n<blockquote class=\"wp-block-quote is-layout-flow wp-block-quote-is-layout-flow\"><p>\u00abTodos los d\u00edas me levanto de la cama esperando poderme acostar otra vez. Me da miedo no regresar a la casa\u00bb.<\/p><cite>Alexander Bocanegra<\/cite><\/blockquote>\n\n\n\n<p>A Alexander Bocanegra le ha costado su tranquilidad. En una reuni\u00f3n que tuvo con colonos de la vereda Monte Bello, por ejemplo, recuerda que cuando tom\u00f3 la palabra para explicarle a la gente que estaban invadiendo un territorio ind\u00edgena, esto fue lo que le respondieron sin titubear: \u00abEs que a usted toca es matarlo para que deje de estar escarbando donde no tiene que meter las narices\u00bb y <strong>\u00abA estos indios hay que acabarlos para poder seguir trabajando ac\u00e1\u00bb.<\/strong> <\/p>\n\n\n\n<p>Su \u00fanico hijo est\u00e1 encaramado en una reja\npara poder escuchar lo que su padre responde. Tal vez por eso Bocanegra\nprefiere decir de manera escueta que est\u00e1 bien, que \u00e9l se cuida y tiene\nseguridad. Pero luego, cuando el ni\u00f1o se baja y se va con su c\u00e1mara a tomar\nfotos, hace una pausa y llora. Al cabo de un rato recupera el aliento: \u00abTodos\nlos d\u00edas me levanto de la cama esperando poderme acostar otra vez. Me da miedo\nno regresar a la casa\u00bb. <\/p>\n\n\n\n<iframe loading=\"lazy\" width=\"100%\" height=\"500\" src=\"https:\/\/www.youtube.com\/embed\/3CgbfxioEeQ\" frameborder=\"0\" allow=\"accelerometer; autoplay; encrypted-media; gyroscope; picture-in-picture\" allowfullscreen=\"\"><\/iframe>\n\n\n\n<p><strong>El territorio colectivo de los pueblos pijao, piratapuyo y tucano hace parte del Registro de tierras despojadas y abandonadas forzosamente que lleva la Unidad de Restituci\u00f3n de Tierras (URT). <\/strong>Esto significa que las 146.500 hect\u00e1reas que el Incora les adjudic\u00f3 en 1995 se encuentran blindadas ante cualquier acci\u00f3n que implique su enajenaci\u00f3n o la transferencia de sus derechos de propiedad. <\/p>\n\n\n\n<p>Yolima Isabel Jurado, de la URT y quien acompa\u00f1a el proceso de cerca, es quien solicita la restituci\u00f3n de derechos territoriales a favor de la comunidad inter\u00e9tnica \u2014atendiendo a su calidad de v\u00edctimas del conflicto\u2014. La funcionaria p\u00fablica <a href=\"https:\/\/es.scribd.com\/document\/451299410\/Demanda-Colectiva-Restitucio-n-de-Derechos-Territoriales-Llanos-del-Yari\">detall\u00f3 en 96 p\u00e1ginas <\/a>los hechos que han afectado sus derechos a un gobierno propio, al uso y goce efectivo del territorio conforme a sus pr\u00e1cticas tradicionales, al ambiente sano, a la seguridad jur\u00eddica de la propiedad colectiva del territorio, y a la soberan\u00eda, seguridad y autonom\u00eda alimentaria.<\/p>\n\n\n\n<blockquote class=\"wp-block-quote is-layout-flow wp-block-quote-is-layout-flow\"><p>\u201cReclutaron forzosamente a 12 ni\u00f1os, ni\u00f1as y adolescentes, entre los 12 y 20 a\u00f1os, hecho que se configura como una infracci\u00f3n al Derecho Internacional Humanitario\u201d<\/p><\/blockquote>\n\n\n\n<p>La demanda que interpone Jurado, quien ejerce la representaci\u00f3n judicial, tambi\u00e9n llama la atenci\u00f3n sobre el rol de la naturaleza. Subraya que las dos carreteras que construyeron las Farc entre 1998 y 2002, en la \u00e9poca en que el entonces presidente Andr\u00e9s Pastrana decret\u00f3 una zona de despeje de 42 mil kil\u00f3metros cuadrados que inclu\u00eda Yaguara II en medio de su proceso de paz fallido con esa guerrilla, <strong>\u201cimplic\u00f3 la tala de bosque, el rompimiento de nichos ecol\u00f3gicos, la huida de especies, la explotaci\u00f3n de maderables para puentes y, posterior a ello, la llegada de colonos, cazadores y pescadores que aumentaron la presi\u00f3n sobre el ecosistema y sus recursos\u201d<\/strong>. En ese mismo periodo, asegura, se \u201creclutaron forzosamente a 12 ni\u00f1os, ni\u00f1as y adolescentes, entre los 12 y 20 a\u00f1os, hecho que se configura como una infracci\u00f3n al Derecho Internacional Humanitario\u201d. <\/p>\n\n\n\n<p>Tambi\u00e9n se mencionan bombardeos a\u00e9reos militares \u2014sobretodo el de 1997 en el marco de la operaci\u00f3n del Ej\u00e9rcito Destructor II\u2014, as\u00ed como la existencia&nbsp;de 4 hect\u00e1reas activas con cultivos de hoja de coca dentro de los linderos y de 4 minas antipersonal. <\/p>\n\n\n\n<p>Atenais\nM\u00e9ndez, la mam\u00e1 de Bocanegra, teme d\u00eda y noche por la vida de su hijo. Lo\nresume en una l\u00ednea, con la voz entrecortada: \u201c\u00bfY si Alex es el nuevo\nEscol\u00e1stico? \u00bfY si un d\u00eda no lo vuelvo a ver m\u00e1s?\u201d. <\/p>\n\n\n\n<h2 class=\"wp-block-heading\"><strong>Retornar s\u00ed, pero no as\u00ed <\/strong><\/h2>\n\n\n\n<p>A finales de diciembre de 2019, una chiva que llevaba a 70 ind\u00edgenas a bordo sali\u00f3 de San Vicente del Cagu\u00e1n hacia Yaguara II. Eran las 5 de la ma\u00f1ana y una luna llena todav\u00eda iluminaba el andar. Los adultos hab\u00edan empacado lo necesario para el viaje: ollas y bolsas llenas de comida, colchonetas enrolladas, s\u00e1banas, almohadas, hamacas, carpas, productos de aseo y hasta una moto y una bicicleta amarradas con cabuya en la parte trasera. El bus anduvo durante 200 kil\u00f3metros, casi 11 horas, levantando el polvo rojo del suelo arcilloso, hasta llegar al lugar que en otra \u00e9poca llamaban hogar. Con hijos grandes y nietos en brazos, llegaron para definir el futuro de su territorio.<\/p>\n\n\n\n<figure class=\"wp-block-image alignfull size-full\"><img loading=\"lazy\" decoding=\"async\" width=\"2560\" height=\"1707\" src=\"https:\/\/tierra.jerre-dev.xyz\/wp-content\/uploads\/2020\/04\/IMG_3653-1-scaled.jpg\" alt=\"\" class=\"wp-image-5409\" srcset=\"https:\/\/media.tierraderesistentes.com\/wp-content\/uploads\/2020\/04\/19210819\/IMG_3653-1-scaled.jpg 2560w, https:\/\/media.tierraderesistentes.com\/wp-content\/uploads\/2020\/04\/19210819\/IMG_3653-1-scaled-300x200.jpg 300w, https:\/\/media.tierraderesistentes.com\/wp-content\/uploads\/2020\/04\/19210819\/IMG_3653-1-scaled-1024x683.jpg 1024w, https:\/\/media.tierraderesistentes.com\/wp-content\/uploads\/2020\/04\/19210819\/IMG_3653-1-scaled-768x512.jpg 768w, https:\/\/media.tierraderesistentes.com\/wp-content\/uploads\/2020\/04\/19210819\/IMG_3653-1-scaled-1536x1024.jpg 1536w, https:\/\/media.tierraderesistentes.com\/wp-content\/uploads\/2020\/04\/19210819\/IMG_3653-1-scaled-2048x1366.jpg 2048w, https:\/\/media.tierraderesistentes.com\/wp-content\/uploads\/2020\/04\/19210819\/IMG_3653-1-scaled-630x420.jpg 630w, https:\/\/media.tierraderesistentes.com\/wp-content\/uploads\/2020\/04\/19210819\/IMG_3653-1-scaled-150x100.jpg 150w, https:\/\/media.tierraderesistentes.com\/wp-content\/uploads\/2020\/04\/19210819\/IMG_3653-1-scaled-696x464.jpg 696w, https:\/\/media.tierraderesistentes.com\/wp-content\/uploads\/2020\/04\/19210819\/IMG_3653-1-scaled-1068x712.jpg 1068w, https:\/\/media.tierraderesistentes.com\/wp-content\/uploads\/2020\/04\/19210819\/IMG_3653-1-scaled-1920x1280.jpg 1920w\" sizes=\"auto, (max-width: 2560px) 100vw, 2560px\" \/><figcaption><em>Cr\u00e9dito: Tatiana Pardo Ibarra<\/em><\/figcaption><\/figure>\n\n\n\n<blockquote class=\"wp-block-quote is-layout-flow wp-block-quote-is-layout-flow\"><p>\u00bfY si la violencia volviera a tocarles la puerta? \u201cYa no podr\u00edamos aguantar\u201d, dicen. \u201cOtra vez no\u201d.<\/p><\/blockquote>\n\n\n\n<p>Para algunos era la primera vez, despu\u00e9s de 16 a\u00f1os de desplazamiento, que pisaban Yaguara II. Se saludaban y abrazaban. Curioseaban sobre los achaques que vienen con la vejez, que si el dolor articular en las rodillas, que los tobillos inflamados por el calor, que la p\u00e9rdida de visi\u00f3n o la espalda encorvada. Adivinaban si todav\u00eda el r\u00edo Tunia tendr\u00eda la misma cantidad de peces como el jaco, el jurari y el guaruco que antes, si los cultivos de ma\u00edz y yuca segu\u00edan en el mismo lugar, o si sus antiguas casas estar\u00edan a\u00fan en pie o m\u00e1s bien enmara\u00f1adas de plantas. Hablaban sobre el destino que labraron cuando el miedo los oblig\u00f3 a irse y los muchos oficios que tuvieron que aprender para sobrevivir: electricista, zapatero, carpintero, empleada dom\u00e9stica, ni\u00f1era, obrero, peluquera, cargador de bultos en la plaza de mercado. Pero, lo m\u00e1s importante, se preguntaban si quer\u00edan volver y en qu\u00e9 condiciones. \u00bfY si la violencia volviera a tocarles la puerta? \u201cYa no podr\u00edamos aguantar\u201d, dicen. \u201cOtra vez no\u201d. <\/p>\n\n\n\n<iframe loading=\"lazy\" src=\"https:\/\/albumizr.com\/a\/qMnx\" scrolling=\"no\" frameborder=\"0\" allowfullscreen=\"\" width=\"100%\" height=\"500\"><\/iframe>\n\n\n\n<p style=\"max-width:860px\">\u2014Creemos que recuperando estos espacios\npodemos frenar la deforestaci\u00f3n \u2014comenta Alexander Bocanegra, de 33 a\u00f1os,\nabriendo los brazos a su alrededor\u2014. Las heridas que hoy tiene la naturaleza\nson las mismas que a nosotros nos dej\u00f3 la guerra con el desplazamiento, las\ndesapariciones y las muertes. Ahora queremos sanar con ella, vivir de ella y\ncuidarla para las pr\u00f3ximas generaciones.<\/p>\n\n\n\n<p>Bocanegra est\u00e1 convencido de que <strong>para frenar la deforestaci\u00f3n ellos deben fortalecer la guardia ind\u00edgena y hacer presencia en el territorio<\/strong>. Aunque durante esos d\u00edas 90 familias \u2014de 99\u2014 firmaron un acta en donde manifestaron su deseo de retornar de manera voluntaria al resguardo, <strong>el Estado a\u00fan no ha brindado las garant\u00edas de seguridad y dignidad que se requieren para que eso sea una realidad. <\/strong><\/p>\n\n\n\n<blockquote class=\"wp-block-quote is-layout-flow wp-block-quote-is-layout-flow\"><p>\u00abLas heridas que hoy tiene la naturaleza son las mismas que a nosotros nos dej\u00f3 la guerra con el desplazamiento, las desapariciones y las muertes. Ahora queremos sanar con ella, vivir de ella y cuidarla para las pr\u00f3ximas generaciones\u00bb.<\/p><cite>Alex\u00e1nder Bocanegra<\/cite><\/blockquote>\n\n\n\n<p style=\"max-width:860px\">\u2014En el marco de la restituci\u00f3n de derechos territoriales, las comunidades ind\u00edgenas acceden a medidas de asistencia, atenci\u00f3n y reparaci\u00f3n integral\u2014explica la abogada Jurado\u2014 <strong>eso se traduce no solo en realizar esfuerzos y acciones para devolverles su territorio, sino en que esa devoluci\u00f3n est\u00e9 acompa\u00f1ada de calidad de vida de acuerdo a las costumbres y cosmovisi\u00f3n de los pueblos<\/strong> (etno-educaci\u00f3n, educaci\u00f3n occidental, salud, construcci\u00f3n o mejoramientos de viviendas, proyectos productivos, soberan\u00eda alimentaria&#8230;). <\/p>\n\n\n\n<p>El plan de retorno del resguardo, que fue una orden dada por el juez de restituci\u00f3n de Ibagu\u00e9, lo realiz\u00f3 la alcald\u00eda de San Vicente del Cagu\u00e1n bajo el acompa\u00f1amiento de la Unidad de V\u00edctimas, creada por el gobierno Santos para identificar y reparar a las 8,9 millones de v\u00edctimas de medio siglo de conflicto armado. El documento no detalla la hoja de ruta para hacer efectivo el retorno, simplemente enumera ciertas condiciones que deben darse: brindar herramientas esenciales para la prestaci\u00f3n de primeros auxilios, construir una maloka para las actividades comunitarias, adecuar un escenario deportivo y poner un kiosco Vive Digital que garantice la conectividad de la escuela, mejorar la vivienda de 14 familias que ya viven en Yaguara II, construir 68 viviendas para la poblaci\u00f3n que hace falta, construir una electrificaci\u00f3n por celda fotovoltaica para las 82 familias y un puerto fluvial sobre el r\u00edo Tunia. <\/p>\n\n\n\n<figure class=\"wp-block-image alignfull size-full\"><img loading=\"lazy\" decoding=\"async\" width=\"2560\" height=\"1707\" src=\"https:\/\/tierra.jerre-dev.xyz\/wp-content\/uploads\/2020\/03\/Foto6-scaled.jpg\" alt=\"\" class=\"wp-image-5391\" srcset=\"https:\/\/media.tierraderesistentes.com\/wp-content\/uploads\/2020\/03\/19210837\/Foto6-scaled.jpg 2560w, https:\/\/media.tierraderesistentes.com\/wp-content\/uploads\/2020\/03\/19210837\/Foto6-scaled-300x200.jpg 300w, https:\/\/media.tierraderesistentes.com\/wp-content\/uploads\/2020\/03\/19210837\/Foto6-scaled-1024x683.jpg 1024w, https:\/\/media.tierraderesistentes.com\/wp-content\/uploads\/2020\/03\/19210837\/Foto6-scaled-768x512.jpg 768w, https:\/\/media.tierraderesistentes.com\/wp-content\/uploads\/2020\/03\/19210837\/Foto6-scaled-1536x1024.jpg 1536w, https:\/\/media.tierraderesistentes.com\/wp-content\/uploads\/2020\/03\/19210837\/Foto6-scaled-2048x1366.jpg 2048w, https:\/\/media.tierraderesistentes.com\/wp-content\/uploads\/2020\/03\/19210837\/Foto6-scaled-630x420.jpg 630w, https:\/\/media.tierraderesistentes.com\/wp-content\/uploads\/2020\/03\/19210837\/Foto6-scaled-150x100.jpg 150w, https:\/\/media.tierraderesistentes.com\/wp-content\/uploads\/2020\/03\/19210837\/Foto6-scaled-696x464.jpg 696w, https:\/\/media.tierraderesistentes.com\/wp-content\/uploads\/2020\/03\/19210837\/Foto6-scaled-1068x712.jpg 1068w, https:\/\/media.tierraderesistentes.com\/wp-content\/uploads\/2020\/03\/19210837\/Foto6-scaled-1920x1280.jpg 1920w\" sizes=\"auto, (max-width: 2560px) 100vw, 2560px\" \/><figcaption>Llanos del Yar\u00ed- Yaguara II fue constituido el 22 de febrero de 1995 sobre 146.500 hect\u00e1reas. La mayor\u00eda de la comunidad fue v\u00edctima del desplazamiento forzado en 2004. Cr\u00e9dito: Tatiana Pardo Ibarra.<\/figcaption><\/figure>\n\n\n\n<p>En todo caso, por m\u00e1s que todo lo anterior ya existiese, hay algo que falta: a\u00fan no hay seguridad. Y \u201csi no hay seguridad tampoco hay retorno. No se va a poner en riesgo a la gente\u201d, se\u00f1ala Deiby Madrigal, funcionario de la direcci\u00f3n de asuntos \u00e9tnicos de la Unidad de V\u00edctimas en Caquet\u00e1. \u201cEl escenario de conflicto contin\u00faa y es una de las dificultades para que la comunidad sea reparada; porque para ser reparada necesitan territorio\u201d. <\/p>\n\n\n\n<blockquote class=\"wp-block-quote is-layout-flow wp-block-quote-is-layout-flow\"><p>\u201cEl escenario de conflicto contin\u00faa y es una de las dificultades para que la comunidad sea reparada; porque para ser reparada necesitan territorio\u201d.<\/p><cite>Deiby Madrigal<\/cite><\/blockquote>\n\n\n\n<p>De la lista de cosas que hay que chulear para que los pijao, piratapuyo y tucano retornen\u00a0y sean reparados, explica Madrigal, solo se han hecho dos cosas: identificar qui\u00e9nes conforman Yaguara II y explicarle tanto a la comunidad como a las entidades p\u00fablicas en qu\u00e9 consiste el programa y cu\u00e1les ser\u00e1n las respectivas competencias de cada uno. <strong>\u201cUna vez que la mayor\u00eda retorne se instala la consulta previa con el Ministerio del Interior, dado que hay que caracterizar los da\u00f1os que sufrieron (en tiempo, modo y lugar) y luego pasar a la formulaci\u00f3n del plan de reparaci\u00f3n (que incluye medidas materiales e inmateriales)\u201d<\/strong>. La implementaci\u00f3n del plan tarda aproximadamente tres a\u00f1os. No dice cu\u00e1nto podr\u00eda demorar todo. <\/p>\n\n\n\n<p>Madrigal, sin\nembargo, s\u00ed reconoce que \u201cel riesgo para el gobernador Alexander Bocanegra y\nlos dem\u00e1s es permanente. Es un territorio donde hay muchos intereses\u2026con\ncultivos il\u00edcitos, ruta de narcotr\u00e1fico, grupos armados&#8230;\u201d. <\/p>\n\n\n\n<h2 class=\"wp-block-heading\"><strong>Las abejas y la chagra<\/strong><\/h2>\n\n\n\n<p>En Llanos del Yar\u00ed- Yaguara II la humedad se mezcla con el sol abrasador del medio d\u00eda y se enquista en la piel sin misericordia alguna. En la noche, en cambio, un manto de estrellas cubre el cielo y el fresco arrulla el sue\u00f1o. En el resguardo ind\u00edgena hay una escuela de primaria con una pizarra de tiza abrigada por las telara\u00f1as, unas casas construidas en madera a las que poco a poco la hierba, como quien recupera lo suyo con el paso del tiempo, las ha ido devorando y habitando hasta solo dejarles el tejado a la vista. Una iglesia destartalada, una camioneta para las labores comunales, un cementerio, un sitio sagrado conocido como Las Cruces y una tierra en la que los mayores recuerdan haber dejado cultivos de ma\u00edz, ca\u00f1a de az\u00facar, yuca, cebolla, zanahoria, ahuyama, pepino, pi\u00f1a, guayaba, guama y chontaduro. <\/p>\n\n\n\n<blockquote class=\"wp-block-quote is-layout-flow wp-block-quote-is-layout-flow\"><p>\u00abNos vamos a empoderar porque la riqueza que tenemos es enorme\u00bb.<\/p><cite>Alex\u00e1nder Bocanegra<\/cite><\/blockquote>\n\n\n\n<p>El gobernador Alexander Bocanegra habla con firmeza. Lo escuchan. Se para al frente de la comunidad y les explica, punto por punto, en qu\u00e9 ha avanzado el proyecto de forester\u00eda comunitaria que meses atr\u00e1s le propusieron a Visi\u00f3n Amazon\u00eda, el programa del Gobierno colombiano para alcanzar la deforestaci\u00f3n neta 0 en este 2020. Su propuesta est\u00e1 dividida en cuatro componentes: <strong>construir el plan de vida (que es como la hoja de ruta de una comunidad ind\u00edgena), formular e implementar el plan de ordenamiento ambiental, fortalecer la seguridad alimentaria y construir un n\u00facleo de desarrollo forestal sostenible.<\/strong> La inversi\u00f3n, que ya fue aprobada\u00a0, es de 828 millones de pesos y ser\u00e1n ejecutados durante 18 meses por la FCDS.<\/p>\n\n\n\n<p style=\"max-width:860px\">\u2014Yo necesito que ustedes me digan si le vamos a meter la ficha a esto o no\u2026 y sean sinceros \u2014pregunta Bocanegra a los 70 ind\u00edgenas que llegaron para participar de la asamblea\u2014 porque si solo diez quieren trabajar, pues con diez trabajo. Si retornamos esto deja de ser \u2018mi finca\u2019, mi pedazo de tierra, y se convierte en territorio colectivo. Nuestro. De todos. El vivero, la huerta casera, la chagra\u2026 nos vamos a empoderar porque la riqueza que tenemos es enorme. \u00bfEstamos? <\/p>\n\n\n\n<figure class=\"wp-block-image alignfull size-full\"><img loading=\"lazy\" decoding=\"async\" width=\"2560\" height=\"1707\" src=\"https:\/\/tierra.jerre-dev.xyz\/wp-content\/uploads\/2020\/03\/Foto5-scaled.jpg\" alt=\"\" class=\"wp-image-5390\" srcset=\"https:\/\/media.tierraderesistentes.com\/wp-content\/uploads\/2020\/03\/19210838\/Foto5-scaled.jpg 2560w, https:\/\/media.tierraderesistentes.com\/wp-content\/uploads\/2020\/03\/19210838\/Foto5-scaled-300x200.jpg 300w, https:\/\/media.tierraderesistentes.com\/wp-content\/uploads\/2020\/03\/19210838\/Foto5-scaled-1024x683.jpg 1024w, https:\/\/media.tierraderesistentes.com\/wp-content\/uploads\/2020\/03\/19210838\/Foto5-scaled-768x512.jpg 768w, https:\/\/media.tierraderesistentes.com\/wp-content\/uploads\/2020\/03\/19210838\/Foto5-scaled-1536x1024.jpg 1536w, https:\/\/media.tierraderesistentes.com\/wp-content\/uploads\/2020\/03\/19210838\/Foto5-scaled-2048x1366.jpg 2048w, https:\/\/media.tierraderesistentes.com\/wp-content\/uploads\/2020\/03\/19210838\/Foto5-scaled-630x420.jpg 630w, https:\/\/media.tierraderesistentes.com\/wp-content\/uploads\/2020\/03\/19210838\/Foto5-scaled-150x100.jpg 150w, https:\/\/media.tierraderesistentes.com\/wp-content\/uploads\/2020\/03\/19210838\/Foto5-scaled-696x464.jpg 696w, https:\/\/media.tierraderesistentes.com\/wp-content\/uploads\/2020\/03\/19210838\/Foto5-scaled-1068x712.jpg 1068w, https:\/\/media.tierraderesistentes.com\/wp-content\/uploads\/2020\/03\/19210838\/Foto5-scaled-1920x1280.jpg 1920w\" sizes=\"auto, (max-width: 2560px) 100vw, 2560px\" \/><\/figure>\n\n\n\n<p>Bocanegra sabe que los pijao, piratapuyo y tucano se sienten caminando en un lodazal con temor a que el barro les llegue al cuello y amenace con ahogarlos, pero \u00e9l les repite tajante y con una dosis de optimismo el mensaje: \u201cUstedes no pueden esperar a que el Estado venga a salvarnos. De una vez les digo que eso no va a pasar. <strong>Pero s\u00ed saldremos adelante con esfuerzo. No podemos matar al tigre y asustarnos con el cuero<\/strong>\u201d.\u00a0 <\/p>\n\n\n\n<p>Ilda Barra se entusiasma con la idea de que vuelvan. Mientras prepara el sancocho y cuelga las tripas del cerdo en una cuerda cerca al fog\u00f3n de le\u00f1a, recuerda que no haberse marchado de Yaguara II le signific\u00f3 dolor, pues \u201ccorr\u00eda sangre de un lado y de otro\u201d y \u00abme sent\u00eda sola d\u00eda y noche\u00bb. <\/p>\n\n\n\n<blockquote class=\"wp-block-quote is-layout-flow wp-block-quote-is-layout-flow\"><p>\u00abUstedes no pueden esperar a que el Estado venga a salvarnos\u00bb.<\/p><cite>Alex\u00e1nder Bocanegra<\/cite><\/blockquote>\n\n\n\n<p style=\"max-width:860px\">\u2014Estuve asustada y triste. M\u00e1s triste que\ncualquier otra cosa. Me qued\u00e9 ac\u00e1 porque ten\u00eda una ratonera de hijos y no\nestaba dispuesta a irme a mendigar a las calles sin poder darles de comer (\u2026)\npero yo quiero que retornen, \u00bfs\u00ed? mi coraz\u00f3n se volvi\u00f3 a alegrar cuando los vi\notra vez. Es que despu\u00e9s de 2004 la soledad se volvi\u00f3 tristeza. <\/p>\n\n\n\n<p>Los tres pueblos ind\u00edgenas se est\u00e1n preparando. Ya dejaron por escrito cu\u00e1les son los derechos y deberes que tienen con las 146.500 hect\u00e1reas de su territorio. En el \u2018reglamento interno\u2019 queda claro que los miembros de la comunidad tienen el derecho de \u201cdisfrutar responsablemente de los recursos\u201d, pero tienen el deber \u201cde proteger y cuidarlos\u201d. <strong>Entre los principios b\u00e1sicos, adem\u00e1s de la equidad, la solidaridad y el trabajo colectivo, est\u00e1n el respeto al conocimiento ancestral y a la naturaleza. <\/strong><\/p>\n\n\n\n<blockquote class=\"wp-block-quote is-layout-flow wp-block-quote-is-layout-flow\"><p>En el \u2018reglamento interno\u2019 queda claro que los miembros de la comunidad tienen el derecho de \u201cdisfrutar responsablemente de los recursos\u201d, pero tienen el deber \u201cde proteger y cuidarlos\u201d.<\/p><\/blockquote>\n\n\n\n<p><strong>Para retornar y asentarse nuevamente decidieron apostarle a proyectos agropecuarios, pero sostenibles. Eso ir\u00e1 acompa\u00f1ado de pesca, caza y agricultura tradicional (chagra). De ecoturismo y de la venta de miel de abejas. <\/strong>Cada familia, estipulan ellos, podr\u00e1 disponer de 150 hect\u00e1reas (el 50% se conserva) para trabajar en peque\u00f1os cultivos de pancoger y de ganader\u00eda, pero solo en el modelo silvopastoril que mezcla vacas con \u00e1rboles para lograr mayor productividad por hect\u00e1rea.<\/p>\n\n\n\n<figure class=\"wp-block-gallery alignfull columns-2 is-cropped wp-block-gallery-1 is-layout-flex wp-block-gallery-is-layout-flex\"><ul class=\"blocks-gallery-grid\"><li class=\"blocks-gallery-item\"><figure><img loading=\"lazy\" decoding=\"async\" width=\"2048\" height=\"1366\" src=\"https:\/\/tierra.jerre-dev.xyz\/wp-content\/uploads\/2021\/04\/16-1-2048x1366-1.jpeg\" alt=\"\" data-id=\"5400\" data-full-url=\"https:\/\/tierra.jerre-dev.xyz\/wp-content\/uploads\/2021\/04\/16-1-2048x1366-1.jpeg\" data-link=\"https:\/\/tierra.jerre-dev.xyz\/es\/index.php\/2020\/04\/19\/retornar-para-cuidar-el-bosque-la-cruzada-de-yaguara-ii\/16-1-2048x1366-1\/\" class=\"wp-image-5400\" srcset=\"https:\/\/media.tierraderesistentes.com\/wp-content\/uploads\/2021\/04\/19210822\/16-1-2048x1366-1.jpeg 2048w, https:\/\/media.tierraderesistentes.com\/wp-content\/uploads\/2021\/04\/19210822\/16-1-2048x1366-1-300x200.jpeg 300w, https:\/\/media.tierraderesistentes.com\/wp-content\/uploads\/2021\/04\/19210822\/16-1-2048x1366-1-1024x683.jpeg 1024w, https:\/\/media.tierraderesistentes.com\/wp-content\/uploads\/2021\/04\/19210822\/16-1-2048x1366-1-768x512.jpeg 768w, https:\/\/media.tierraderesistentes.com\/wp-content\/uploads\/2021\/04\/19210822\/16-1-2048x1366-1-1536x1025.jpeg 1536w, https:\/\/media.tierraderesistentes.com\/wp-content\/uploads\/2021\/04\/19210822\/16-1-2048x1366-1-630x420.jpeg 630w, https:\/\/media.tierraderesistentes.com\/wp-content\/uploads\/2021\/04\/19210822\/16-1-2048x1366-1-150x100.jpeg 150w, https:\/\/media.tierraderesistentes.com\/wp-content\/uploads\/2021\/04\/19210822\/16-1-2048x1366-1-696x464.jpeg 696w, https:\/\/media.tierraderesistentes.com\/wp-content\/uploads\/2021\/04\/19210822\/16-1-2048x1366-1-1068x712.jpeg 1068w, https:\/\/media.tierraderesistentes.com\/wp-content\/uploads\/2021\/04\/19210822\/16-1-2048x1366-1-1920x1281.jpeg 1920w\" sizes=\"auto, (max-width: 2048px) 100vw, 2048px\" \/><\/figure><\/li><li class=\"blocks-gallery-item\"><figure><img loading=\"lazy\" decoding=\"async\" width=\"2560\" height=\"1707\" src=\"https:\/\/tierra.jerre-dev.xyz\/wp-content\/uploads\/2020\/03\/IMG_3621-scaled.jpg\" alt=\"\" data-id=\"5394\" data-full-url=\"https:\/\/tierra.jerre-dev.xyz\/wp-content\/uploads\/2020\/03\/IMG_3621-scaled.jpg\" data-link=\"https:\/\/tierra.jerre-dev.xyz\/es\/index.php\/2020\/04\/19\/retornar-para-cuidar-el-bosque-la-cruzada-de-yaguara-ii\/img_3621\/\" class=\"wp-image-5394\" srcset=\"https:\/\/media.tierraderesistentes.com\/wp-content\/uploads\/2020\/03\/19210832\/IMG_3621-scaled.jpg 2560w, https:\/\/media.tierraderesistentes.com\/wp-content\/uploads\/2020\/03\/19210832\/IMG_3621-scaled-300x200.jpg 300w, https:\/\/media.tierraderesistentes.com\/wp-content\/uploads\/2020\/03\/19210832\/IMG_3621-scaled-1024x683.jpg 1024w, https:\/\/media.tierraderesistentes.com\/wp-content\/uploads\/2020\/03\/19210832\/IMG_3621-scaled-768x512.jpg 768w, https:\/\/media.tierraderesistentes.com\/wp-content\/uploads\/2020\/03\/19210832\/IMG_3621-scaled-1536x1024.jpg 1536w, https:\/\/media.tierraderesistentes.com\/wp-content\/uploads\/2020\/03\/19210832\/IMG_3621-scaled-2048x1366.jpg 2048w, https:\/\/media.tierraderesistentes.com\/wp-content\/uploads\/2020\/03\/19210832\/IMG_3621-scaled-630x420.jpg 630w, https:\/\/media.tierraderesistentes.com\/wp-content\/uploads\/2020\/03\/19210832\/IMG_3621-scaled-150x100.jpg 150w, https:\/\/media.tierraderesistentes.com\/wp-content\/uploads\/2020\/03\/19210832\/IMG_3621-scaled-696x464.jpg 696w, https:\/\/media.tierraderesistentes.com\/wp-content\/uploads\/2020\/03\/19210832\/IMG_3621-scaled-1068x712.jpg 1068w, https:\/\/media.tierraderesistentes.com\/wp-content\/uploads\/2020\/03\/19210832\/IMG_3621-scaled-1920x1280.jpg 1920w\" sizes=\"auto, (max-width: 2560px) 100vw, 2560px\" \/><\/figure><\/li><\/ul><\/figure>\n\n\n\n<p>El manual no siempre suena como una constituci\u00f3n. Tambi\u00e9n tiene pasajes de elocuencia casi po\u00e9tica, como cuando prometen que las sabanas naturales del Yar\u00ed, los arrabales, las moricheras, los ca\u00f1os que atraviesan la tierra, las lagunas y dem\u00e1s \u00e1reas de vegetaci\u00f3n natural no ser\u00e1n repartidas, ni para la vivienda ni para el trabajo agropecuario de las familias. \u00abSer\u00e1n de responsabilidad colectiva\u201d.<\/p>\n\n\n\n<blockquote class=\"wp-block-quote is-layout-flow wp-block-quote-is-layout-flow\"><p>\u00abSi nosotros estamos bien, el territorio tambi\u00e9n lo estar\u00e1. \u00bfEl Estado nos va a ayudar? Ya veremos\u00bb.<\/p><cite>Alex\u00e1nder Bocanegra<\/cite><\/blockquote>\n\n\n\n<p>La comunidad ha decidido que estar\u00e1 prohibida la caza de animales como venados, pavas, paujiles, tigrillos o \u201ctigres\u201d, que es como ellos llaman a los jaguares. Se permite cazar dantas y borugas (agoutis) solo en casos especiales, y cajuches, chig\u00fciros y manaos \u201cexclusivamente para consumo de las familias y regulado de acuerdo con las temporadas y lugares\u201d. Las lagunas son \u201csitios sagrados para la comunidad\u201d y <strong>\u00abpor ning\u00fan motivo\u00bb se permitir\u00e1 la siembra o el procesamiento de cultivos de uso il\u00edcito ni la miner\u00eda. <\/strong><\/p>\n\n\n\n<p>En medio de la zozobra, el gobernador no\nda el brazo a torcer. <\/p>\n\n\n\n<p>\u2014Llanos\ndel Llar\u00ed- Yaguara II es un colch\u00f3n de biodiversidad para el mundo y es nuestro\nhogar. Nuestra casa \u2014dice Bocanegra, con una leve desaz\u00f3n\u2014. Si nosotros estamos\nbien, el territorio tambi\u00e9n lo estar\u00e1. \u00bfEl Estado nos va a ayudar? Ya veremos. <\/p>\n\n\n\n<div class=\"wp-block-image\"><figure class=\"aligncenter size-large is-resized\"><img loading=\"lazy\" decoding=\"async\" src=\"https:\/\/tierra.jerre-dev.xyz\/wp-content\/uploads\/2021\/03\/eee.png\" alt=\"Tierra de Resistentes\" class=\"wp-image-3766\" width=\"100\" height=\"100\" srcset=\"https:\/\/media.tierraderesistentes.com\/wp-content\/uploads\/2021\/03\/19211834\/eee.png 400w, https:\/\/media.tierraderesistentes.com\/wp-content\/uploads\/2021\/03\/19211834\/eee-300x300.png 300w, https:\/\/media.tierraderesistentes.com\/wp-content\/uploads\/2021\/03\/19211834\/eee-150x150.png 150w\" sizes=\"auto, (max-width: 100px) 100vw, 100px\" \/><\/figure><\/div>\n","protected":false},"excerpt":{"rendered":"<p>Tres pueblos ind\u00edgenas intentan retornar a su territorio, del que fueron desplazados hace casi dos d\u00e9cadas, con la intenci\u00f3n de impedir que la deforestaci\u00f3n avance. El Estado no ha brindado las garant\u00edas de seguridad.<\/p>\n","protected":false},"author":4,"featured_media":5386,"comment_status":"open","ping_status":"open","sticky":false,"template":"","format":"standard","meta":{"_acf_changed":false,"_uf_show_specific_survey":0,"_uf_disable_surveys":false,"footnotes":""},"categories":[2,44],"tags":[394,296,393,392,47],"coauthors":[237],"class_list":{"0":"post-555","1":"post","2":"type-post","3":"status-publish","4":"format-standard","5":"has-post-thumbnail","7":"category-colombia","8":"category-reportajes","9":"tag-ausencia-estatal","10":"tag-deforestacion","11":"tag-desaparicion-forzada","12":"tag-desplazamiento-forzado","13":"tag-fase-ii"},"acf":[],"yoast_head":"<!-- This site is optimized with the Yoast SEO plugin v26.4 - https:\/\/yoast.com\/wordpress\/plugins\/seo\/ -->\n<title>Retornar para cuidar el bosque: la cruzada de Yaguara II<\/title>\n<meta name=\"robots\" content=\"index, follow, max-snippet:-1, max-image-preview:large, max-video-preview:-1\" \/>\n<link rel=\"canonical\" href=\"https:\/\/tierraderesistentes.com\/es\/2020\/04\/19\/retornar-para-cuidar-el-bosque-la-cruzada-de-yaguara-ii\/\" \/>\n<meta name=\"twitter:label1\" content=\"Written by\" \/>\n\t<meta name=\"twitter:data1\" content=\"Tatiana Pardo\" \/>\n\t<meta name=\"twitter:label2\" content=\"Est. reading time\" \/>\n\t<meta name=\"twitter:data2\" content=\"83 minutos\" \/>\n<!-- \/ Yoast SEO plugin. -->","yoast_head_json":{"title":"Retornar para cuidar el bosque: la cruzada de Yaguara II","robots":{"index":"index","follow":"follow","max-snippet":"max-snippet:-1","max-image-preview":"max-image-preview:large","max-video-preview":"max-video-preview:-1"},"canonical":"https:\/\/tierraderesistentes.com\/es\/2020\/04\/19\/retornar-para-cuidar-el-bosque-la-cruzada-de-yaguara-ii\/","twitter_misc":{"Written by":"Tatiana Pardo","Est. reading time":"83 minutos"},"schema":{"@context":"https:\/\/schema.org","@graph":[{"@type":"Article","@id":"https:\/\/tierraderesistentes.com\/es\/2020\/04\/19\/retornar-para-cuidar-el-bosque-la-cruzada-de-yaguara-ii\/#article","isPartOf":{"@id":"https:\/\/tierraderesistentes.com\/es\/2020\/04\/19\/retornar-para-cuidar-el-bosque-la-cruzada-de-yaguara-ii\/"},"author":{"name":"Tatiana Pardo","@id":"https:\/\/tierraderesistentes.com\/es\/#\/schema\/person\/2b0d46bddcfb32fc1efbfbae560bc677"},"headline":"Retornar para cuidar el bosque: la cruzada de Yaguara II","datePublished":"2020-04-19T04:07:00+00:00","dateModified":"2021-04-30T13:53:08+00:00","mainEntityOfPage":{"@id":"https:\/\/tierraderesistentes.com\/es\/2020\/04\/19\/retornar-para-cuidar-el-bosque-la-cruzada-de-yaguara-ii\/"},"wordCount":16628,"commentCount":16,"publisher":{"@id":"https:\/\/tierraderesistentes.com\/es\/#organization"},"image":{"@id":"https:\/\/tierraderesistentes.com\/es\/2020\/04\/19\/retornar-para-cuidar-el-bosque-la-cruzada-de-yaguara-ii\/#primaryimage"},"thumbnailUrl":"https:\/\/media.tierraderesistentes.com\/wp-content\/uploads\/2020\/03\/19210842\/Foto1-scaled.jpg","keywords":["ausencia estatal","deforestaci\u00f3n","Desaparici\u00f3n Forzada","Desplazamiento Forzado","Fase II"],"articleSection":["Colombia","Reportajes"],"inLanguage":"es","potentialAction":[{"@type":"CommentAction","name":"Comment","target":["https:\/\/tierraderesistentes.com\/es\/2020\/04\/19\/retornar-para-cuidar-el-bosque-la-cruzada-de-yaguara-ii\/#respond"]}]},{"@type":"WebPage","@id":"https:\/\/tierraderesistentes.com\/es\/2020\/04\/19\/retornar-para-cuidar-el-bosque-la-cruzada-de-yaguara-ii\/","url":"https:\/\/tierraderesistentes.com\/es\/2020\/04\/19\/retornar-para-cuidar-el-bosque-la-cruzada-de-yaguara-ii\/","name":"Retornar para cuidar el bosque: la cruzada de Yaguara II","isPartOf":{"@id":"https:\/\/tierraderesistentes.com\/es\/#website"},"primaryImageOfPage":{"@id":"https:\/\/tierraderesistentes.com\/es\/2020\/04\/19\/retornar-para-cuidar-el-bosque-la-cruzada-de-yaguara-ii\/#primaryimage"},"image":{"@id":"https:\/\/tierraderesistentes.com\/es\/2020\/04\/19\/retornar-para-cuidar-el-bosque-la-cruzada-de-yaguara-ii\/#primaryimage"},"thumbnailUrl":"https:\/\/media.tierraderesistentes.com\/wp-content\/uploads\/2020\/03\/19210842\/Foto1-scaled.jpg","datePublished":"2020-04-19T04:07:00+00:00","dateModified":"2021-04-30T13:53:08+00:00","breadcrumb":{"@id":"https:\/\/tierraderesistentes.com\/es\/2020\/04\/19\/retornar-para-cuidar-el-bosque-la-cruzada-de-yaguara-ii\/#breadcrumb"},"inLanguage":"es","potentialAction":[{"@type":"ReadAction","target":["https:\/\/tierraderesistentes.com\/es\/2020\/04\/19\/retornar-para-cuidar-el-bosque-la-cruzada-de-yaguara-ii\/"]}]},{"@type":"ImageObject","inLanguage":"es","@id":"https:\/\/tierraderesistentes.com\/es\/2020\/04\/19\/retornar-para-cuidar-el-bosque-la-cruzada-de-yaguara-ii\/#primaryimage","url":"https:\/\/media.tierraderesistentes.com\/wp-content\/uploads\/2020\/03\/19210842\/Foto1-scaled.jpg","contentUrl":"https:\/\/media.tierraderesistentes.com\/wp-content\/uploads\/2020\/03\/19210842\/Foto1-scaled.jpg","width":2560,"height":1707},{"@type":"BreadcrumbList","@id":"https:\/\/tierraderesistentes.com\/es\/2020\/04\/19\/retornar-para-cuidar-el-bosque-la-cruzada-de-yaguara-ii\/#breadcrumb","itemListElement":[{"@type":"ListItem","position":1,"name":"Home","item":"https:\/\/tierraderesistentes.com\/es\/"},{"@type":"ListItem","position":2,"name":"Retornar para cuidar el bosque: la cruzada de Yaguara II"}]},{"@type":"WebSite","@id":"https:\/\/tierraderesistentes.com\/es\/#website","url":"https:\/\/tierraderesistentes.com\/es\/","name":"Tierra de Resistentes | Consejo de Redacci\u00f3n","description":"Base de datos de defensores ambientales amenazados y asesinados en Latinoam\u00e9rica. Historias, fotograf\u00edas, videos y gr\u00e1ficos para entender la situaci\u00f3n de los resistentes.","publisher":{"@id":"https:\/\/tierraderesistentes.com\/es\/#organization"},"potentialAction":[{"@type":"SearchAction","target":{"@type":"EntryPoint","urlTemplate":"https:\/\/tierraderesistentes.com\/es\/?s={search_term_string}"},"query-input":{"@type":"PropertyValueSpecification","valueRequired":true,"valueName":"search_term_string"}}],"inLanguage":"es"},{"@type":"Organization","@id":"https:\/\/tierraderesistentes.com\/es\/#organization","name":"Tierra de resistentes","url":"https:\/\/tierraderesistentes.com\/es\/","logo":{"@type":"ImageObject","inLanguage":"es","@id":"https:\/\/tierraderesistentes.com\/es\/#\/schema\/logo\/image\/","url":"https:\/\/tierraderesistentes.com\/wp-content\/uploads\/2021\/01\/LogoEspanolAjustado-1.png","contentUrl":"https:\/\/tierraderesistentes.com\/wp-content\/uploads\/2021\/01\/LogoEspanolAjustado-1.png","width":1568,"height":944,"caption":"Tierra de resistentes"},"image":{"@id":"https:\/\/tierraderesistentes.com\/es\/#\/schema\/logo\/image\/"}},{"@type":"Person","@id":"https:\/\/tierraderesistentes.com\/es\/#\/schema\/person\/2b0d46bddcfb32fc1efbfbae560bc677","name":"Tatiana Pardo","image":{"@type":"ImageObject","inLanguage":"es","@id":"https:\/\/tierraderesistentes.com\/es\/#\/schema\/person\/image\/9969c7453db82497796147fb46e9439b","url":"https:\/\/media.tierraderesistentes.com\/wp-content\/uploads\/2021\/02\/19212024\/Tatiana-Pardo-Ibarra-150x150.jpg","contentUrl":"https:\/\/media.tierraderesistentes.com\/wp-content\/uploads\/2021\/02\/19212024\/Tatiana-Pardo-Ibarra-150x150.jpg","caption":"Tatiana Pardo"},"description":"Periodista freelance. Interesada en temas relacionados con medioambiente, ciencia, derechos humanos, pueblos ind\u00edgenas y la relaci\u00f3n conflicto armado-naturaleza. Ha trabajado en los dos peri\u00f3dicos m\u00e1s importantes de Colombia: El Espectador y El Tiempo. Sus historias tambi\u00e9n aparecen en Mongabay, Vice, Di\u00e1logo Chino y Todo es Ciencia. Coordinadora y editora de Tierra de Resistentes. Ganadora del Premio Amway.","url":"https:\/\/tierraderesistentes.com\/es\/author\/tatiana\/"}]}},"_links":{"self":[{"href":"https:\/\/tierraderesistentes.com\/es\/wp-json\/wp\/v2\/posts\/555","targetHints":{"allow":["GET"]}}],"collection":[{"href":"https:\/\/tierraderesistentes.com\/es\/wp-json\/wp\/v2\/posts"}],"about":[{"href":"https:\/\/tierraderesistentes.com\/es\/wp-json\/wp\/v2\/types\/post"}],"author":[{"embeddable":true,"href":"https:\/\/tierraderesistentes.com\/es\/wp-json\/wp\/v2\/users\/4"}],"replies":[{"embeddable":true,"href":"https:\/\/tierraderesistentes.com\/es\/wp-json\/wp\/v2\/comments?post=555"}],"version-history":[{"count":0,"href":"https:\/\/tierraderesistentes.com\/es\/wp-json\/wp\/v2\/posts\/555\/revisions"}],"wp:featuredmedia":[{"embeddable":true,"href":"https:\/\/tierraderesistentes.com\/es\/wp-json\/wp\/v2\/media\/5386"}],"wp:attachment":[{"href":"https:\/\/tierraderesistentes.com\/es\/wp-json\/wp\/v2\/media?parent=555"}],"wp:term":[{"taxonomy":"category","embeddable":true,"href":"https:\/\/tierraderesistentes.com\/es\/wp-json\/wp\/v2\/categories?post=555"},{"taxonomy":"post_tag","embeddable":true,"href":"https:\/\/tierraderesistentes.com\/es\/wp-json\/wp\/v2\/tags?post=555"},{"taxonomy":"author","embeddable":true,"href":"https:\/\/tierraderesistentes.com\/es\/wp-json\/wp\/v2\/coauthors?post=555"}],"curies":[{"name":"wp","href":"https:\/\/api.w.org\/{rel}","templated":true}]}}