{"id":534,"date":"2020-04-22T03:09:00","date_gmt":"2020-04-22T03:09:00","guid":{"rendered":"http:\/\/tierra.jerrejerre.com\/es\/?p=534"},"modified":"2021-04-30T08:20:15","modified_gmt":"2021-04-30T08:20:15","slug":"guaviare-proteger-la-selva-con-la-vida","status":"publish","type":"post","link":"https:\/\/tierraderesistentes.com\/es\/2020\/04\/22\/guaviare-proteger-la-selva-con-la-vida\/","title":{"rendered":"Guaviare: proteger la selva con la vida"},"content":{"rendered":"\n<p class=\"has-text-color has-small-font-size\" style=\"color:#0f0f0f;max-width:830px;margin-top:0px;margin-bottom:68px\"><em><strong>Desde la firma de los Acuerdos de Paz con la antigua guerrilla de las Farc, Felipe Henao se ha dedicado a dirigir un proyecto de comunicaci\u00f3n y educaci\u00f3n ambiental en el tercer departamento m\u00e1s deforestado del pa\u00eds: Guaviare. Por ejercer este liderazgo, su vida peligra.<\/strong><\/em><\/p>\n\n\n\n\n<p>\u201cAh\u00ed empiezan muchos de nuestros videos\u201d,\ndice Felipe Henao, mientras se\u00f1ala una delgada franja de tierra cubierta de\nvegetaci\u00f3n que divide los r\u00edos Calamar y Unilla, en el departamento de\nGuaviare. La franja sol\u00eda ser m\u00e1s ancha, pero los mismos r\u00edos le han robado\nbocados a la tierra durante a\u00f1os: uno por cada costado, hasta convertirla en\nese pasadizo estrecho.<\/p>\n\n\n\n<p>A un lado del pasadizo, las casas de\ntabla de una callejuela llamada \u201cEl Embudo\u201d se ti\u00f1en con la luz naranja del\natardecer. Al otro, el r\u00edo Unilla corre leve, nutrido por la lluvia despu\u00e9s de\n15 d\u00edas de verano.<\/p>\n\n\n\n<p>Como si dibujara una met\u00e1fora de su vida en los \u00faltimos meses, Felipe Henao cruza esa franja de tierra desde la \u00faltima casa hasta un claro a orillas del r\u00edo. Es el tr\u00e1nsito que este joven de 25 a\u00f1os decidi\u00f3 hacer cuando opt\u00f3 por alejarse de su familia y de su pueblo, Calamar, antes que abandonar su proyecto:<strong> \u2018Pipe Q-ida\u2019, un colectivo de j\u00f3venes que promueve la pedagog\u00eda ambiental, la conservaci\u00f3n y la recuperaci\u00f3n de la selva amaz\u00f3nica a trav\u00e9s de las redes sociales.<\/strong> <\/p>\n\n\n\n<h2 class=\"has-text-align-center wp-block-heading\">***<\/h2>\n\n\n\n<p>Por la carretera que conduce desde San Jos\u00e9 del Guaviare, capital de uno de los departamentos fronterizos de la Amazonia colombiana, a Calamar, una estaci\u00f3n de polic\u00eda atrincherada tras bultos de lona verde marca el inicio del casco urbano. Despu\u00e9s de pasar esta primera edificaci\u00f3n, las que siguen son casi todas casas de tabla, de una planta, pintadas de colores. Como muchos pueblos de Colombia, la mayor\u00eda de sus v\u00edas son caminos de tierra. En el caso de este municipio es una tierra roja que pinta las camionetas blanqu\u00edsimas de transporte p\u00fablico que transitan estas v\u00edas. <\/p>\n\n\n\n<blockquote class=\"wp-block-quote is-layout-flow wp-block-quote-is-layout-flow\"><p>\u201cSomos un municipio verde por excelencia. Puerta norte de la Amazon\u00eda colombiana y puerta de entrada al Chiribiquete\u201d<\/p><cite>Felipe Henao<\/cite><\/blockquote>\n\n\n\n<p>Calamar es un municipio peque\u00f1o. <a href=\"https:\/\/sitios.dane.gov.co\/cnpv\/#!\/\">El censo del 2018 registr\u00f3\n8.648 habitantes<\/a>, la cifra m\u00e1s baja entre los cuatro municipios\nde Guaviare. Est\u00e1 ubicado a orillas del r\u00edo Unilla, a tres horas de San Jos\u00e9\ndel Guaviare, cerca del l\u00edmite norte de una de las mayores joyas naturales del\npa\u00eds. \u201cSomos un municipio verde por excelencia. Puerta norte de la Amazon\u00eda\ncolombiana y puerta de entrada al Chiribiquete\u201d, explica Felipe. Para \u00e9l, su\nmunicipio \u201ces el mejor vividero del mundo\u201d. <\/p>\n\n\n\n<p>Calamar es, en efecto, un municipio con\nuna enorme riqueza natural y cultural. Como l\u00edmite del Parque Nacional Natural\nSerran\u00eda de Chiribiquete, es uno de los municipios guardianes de este\nterritorio que fue declarado por la Unesco como Patrimonio Mixto -cultural y\nnatural- de la Humanidad el 1 de junio 2018, por su ubicaci\u00f3n privilegiada\nentre el bac\u00edn amaz\u00f3nico, el Escudo Guyan\u00e9s y el piedemonte andino, lo que\npermite las condiciones para una alt\u00edsima biodiversidad. <\/p>\n\n\n\n<p>Es el parque nacional m\u00e1s grande de Colombia y el segundo de Sudam\u00e9rica, <strong>hogar de al menos tres comunidades ind\u00edgenas -carijona, urumi y uitoto- en aislamiento voluntario y de <a href=\"https:\/\/issuu.com\/chiribiquete\/docs\/fragmento_libro_edici_n_bolsillo\">m\u00e1s de 75 mil pinturas rupestres en sus tepuyes, algunas de las cuales datan de hace m\u00e1s de 20 mil a\u00f1os<\/a>. <\/strong>Aunque fue declarado parque en 1989, su existencia permaneci\u00f3 en secreto durante d\u00e9cadas y a\u00fan hoy est\u00e1 prohibido el turismo dentro de sus l\u00edmites. Solo las expediciones cient\u00edficas tienen permiso de entrar y, a\u00fan as\u00ed, m\u00e1s de la mitad de su territorio sigue inexplorado. <\/p>\n\n\n\n<figure class=\"wp-block-image alignfull size-full\"><img loading=\"lazy\" decoding=\"async\" width=\"2000\" height=\"1333\" src=\"https:\/\/tierra.jerre-dev.xyz\/wp-content\/uploads\/2020\/04\/FOTO-2-1.jpg\" alt=\"\" class=\"wp-image-5271\" srcset=\"https:\/\/media.tierraderesistentes.com\/wp-content\/uploads\/2020\/04\/19210909\/FOTO-2-1.jpg 2000w, https:\/\/media.tierraderesistentes.com\/wp-content\/uploads\/2020\/04\/19210909\/FOTO-2-1-300x200.jpg 300w, https:\/\/media.tierraderesistentes.com\/wp-content\/uploads\/2020\/04\/19210909\/FOTO-2-1-1024x682.jpg 1024w, https:\/\/media.tierraderesistentes.com\/wp-content\/uploads\/2020\/04\/19210909\/FOTO-2-1-768x512.jpg 768w, https:\/\/media.tierraderesistentes.com\/wp-content\/uploads\/2020\/04\/19210909\/FOTO-2-1-1536x1024.jpg 1536w, https:\/\/media.tierraderesistentes.com\/wp-content\/uploads\/2020\/04\/19210909\/FOTO-2-1-630x420.jpg 630w, https:\/\/media.tierraderesistentes.com\/wp-content\/uploads\/2020\/04\/19210909\/FOTO-2-1-150x100.jpg 150w, https:\/\/media.tierraderesistentes.com\/wp-content\/uploads\/2020\/04\/19210909\/FOTO-2-1-696x464.jpg 696w, https:\/\/media.tierraderesistentes.com\/wp-content\/uploads\/2020\/04\/19210909\/FOTO-2-1-1068x712.jpg 1068w, https:\/\/media.tierraderesistentes.com\/wp-content\/uploads\/2020\/04\/19210909\/FOTO-2-1-1920x1280.jpg 1920w\" sizes=\"auto, (max-width: 2000px) 100vw, 2000px\" \/><figcaption>En el Parque Nacional Natural Serran\u00eda del Chiribiquete se han registrado 2.138 especies de flora y 1.676 de fauna. De estas, 32 son posiblemente nuevas para la ciencia. Foto: Mar\u00eda Paula Murcia Huertas<\/figcaption><\/figure>\n\n\n\n<p><strong>De los 5,5 millones de hect\u00e1reas que tiene Guaviare, el territorio protegido de Chiribiquete ocupa m\u00e1s del 20 por ciento. <\/strong>Su extensi\u00f3n total, 4,268,095 hect\u00e1reas, dividida entre Guaviare y su vecino departamento Caquet\u00e1, es igual al tama\u00f1o de Dinamarca. <\/p>\n\n\n\n<p>Su delimitaci\u00f3n, aunque cambi\u00f3 en 2018 cuando lo ampliaron por segunda vez en los \u00faltimos cinco a\u00f1os, es muy clara. El r\u00edo Itilla, que marca un tramo del lindero norte del parque, es el l\u00edmite evidente: barrera y lugar de encuentro simult\u00e1neamente entre el llano que se expande desde el norte y la selva que se defiende de esos avances. <\/p>\n\n\n\n<blockquote class=\"wp-block-quote is-layout-flow wp-block-quote-is-layout-flow\"><p>Incluso dentro de su territorio, que goza de tantos niveles de protecci\u00f3n, hay deforestaci\u00f3n<\/p><\/blockquote>\n\n\n\n<p>La explotaci\u00f3n del parque est\u00e1 prohibida. Los turistas pueden visitar \u00fanicamente mediante sobrevuelos, una actividad muy incipiente que Parques Nacionales apenas reglament\u00f3 en 2019. Pero incluso dentro de su territorio, que goza de tantos niveles de protecci\u00f3n, hay deforestaci\u00f3n. <strong><a class=\"rank-math-link\" href=\"https:\/\/maaproject.org\/2019\/chiribiquete_2019_esp\/\">Seg\u00fan datos del Proyecto de Monitoreo de los Andes Amaz\u00f3nicos (MAAP)<\/a>, entre 2018 y 2019 este territorio perdi\u00f3 2.200 hect\u00e1reas de selva. Es la tercera \u00e1rea protegida m\u00e1s deforestada del pa\u00eds<\/strong>, despu\u00e9s de los parques nacionales de Tinigua y la Serran\u00eda de La Macarena, ambos ubicados en la transici\u00f3n de los Andes a la Amazonia. <\/p>\n\n\n\n<p>El panorama es peor en la regi\u00f3n\ncolindante, pues consiste en \u00e1reas sin protecci\u00f3n. La deforestaci\u00f3n est\u00e1\ndevorando a Guaviare. <\/p>\n\n\n\n<h2 class=\"has-text-align-center wp-block-heading\">***<\/h2>\n\n\n\n<figure class=\"wp-block-image alignfull size-full\"><img loading=\"lazy\" decoding=\"async\" width=\"2000\" height=\"1333\" src=\"https:\/\/tierra.jerre-dev.xyz\/wp-content\/uploads\/2020\/04\/DSC_0107.jpg\" alt=\"\" class=\"wp-image-5288\" srcset=\"https:\/\/media.tierraderesistentes.com\/wp-content\/uploads\/2020\/04\/19210859\/DSC_0107.jpg 2000w, https:\/\/media.tierraderesistentes.com\/wp-content\/uploads\/2020\/04\/19210859\/DSC_0107-300x200.jpg 300w, https:\/\/media.tierraderesistentes.com\/wp-content\/uploads\/2020\/04\/19210859\/DSC_0107-1024x682.jpg 1024w, https:\/\/media.tierraderesistentes.com\/wp-content\/uploads\/2020\/04\/19210859\/DSC_0107-768x512.jpg 768w, https:\/\/media.tierraderesistentes.com\/wp-content\/uploads\/2020\/04\/19210859\/DSC_0107-1536x1024.jpg 1536w, https:\/\/media.tierraderesistentes.com\/wp-content\/uploads\/2020\/04\/19210859\/DSC_0107-630x420.jpg 630w, https:\/\/media.tierraderesistentes.com\/wp-content\/uploads\/2020\/04\/19210859\/DSC_0107-150x100.jpg 150w, https:\/\/media.tierraderesistentes.com\/wp-content\/uploads\/2020\/04\/19210859\/DSC_0107-696x464.jpg 696w, https:\/\/media.tierraderesistentes.com\/wp-content\/uploads\/2020\/04\/19210859\/DSC_0107-1068x712.jpg 1068w, https:\/\/media.tierraderesistentes.com\/wp-content\/uploads\/2020\/04\/19210859\/DSC_0107-1920x1280.jpg 1920w\" sizes=\"auto, (max-width: 2000px) 100vw, 2000px\" \/><figcaption><em>Foto: Mar\u00eda Paula Murcia Huertas<\/em><\/figcaption><\/figure>\n\n\n\n<p>Hasta 2016 la antigua guerrilla de las <span style=\"background-color:#374141\" class=\"td_text_highlight_marker\">Farc<\/span> controlaba la explotaci\u00f3n de la selva en Guaviare. <strong>Quien quisiera tumbar \u00e1rboles deb\u00eda pedir su permiso y usualmente las \u00fanicas talas permitidas eran las de peque\u00f1as extensiones de tierra que las familias campesinas dedicaban al pancoger. <\/strong>Si estas normas se incumpl\u00edan, la guerrilla impon\u00eda multas a los infractores. <\/p>\n\n\n\n<blockquote class=\"wp-block-quote is-layout-flow wp-block-quote-is-layout-flow\"><p>\u201cSab\u00edamos lo que se le ven\u00eda a este territorio en el momento en que los Acuerdos de Paz nos dejaron desprotegidos\u201d<\/p><cite>Felipe Henao<\/cite><\/blockquote>\n\n\n\n<p>Este ejercicio informal de autoridad ambiental -relacionados tambi\u00e9n con una estrategia militar- mitig\u00f3 durante d\u00e9cadas los avances de la deforestaci\u00f3n en el departamento, hasta la firma del Acuerdo de Paz en noviembre de 2016 que condujo al desarme de 13 mil de sus integrantes. El suyo no era, sin embargo, un inter\u00e9s netamente de conservaci\u00f3n: mantener esos bosques en pie aseguraba a la guerrilla \u2013que en otras regiones del pa\u00eds no ten\u00eda problema en destruir oleoductos y ocasionar graves derrames petroleros en fuentes de agua- tener escondrijos del Ej\u00e9rcito Nacional.<\/p>\n\n\n\n<p>\u201cSab\u00edamos lo que se le ven\u00eda a este territorio en el momento en que los Acuerdos de Paz nos dejaron desprotegidos\u201d, explica Felipe. Por eso, a principios de 2016, decidi\u00f3 fundar Pipe Q-ida. <strong>\u201cLo que busc\u00e1bamos era ser sensibilizadores de la importancia de conservar lo que iba a quedar desprotegido\u201d<\/strong>, dice. La intuici\u00f3n de muchos nativos y campesinos de Guaviare fue tristemente acertada: la salida de las Farc dej\u00f3 a la selva en un riesgo mayor. \u201cHoy vemos unos resultados desastrosos en deforestaci\u00f3n, acaparamiento de tierras, ganader\u00eda extensiva y ampliaci\u00f3n de las fronteras agr\u00edcolas en el territorio\u201d, dice el activista. <\/p>\n\n\n\n<blockquote class=\"wp-block-quote is-layout-flow wp-block-quote-is-layout-flow\"><p>\u201cHoy vemos unos resultados desastrosos en deforestaci\u00f3n, acaparamiento de tierras, ganader\u00eda extensiva y ampliaci\u00f3n de las fronteras agr\u00edcolas en el territorio\u201d<\/p><cite>Felipe Henao<\/cite><\/blockquote>\n\n\n\n<p>Un\nvistazo a las orillas de la carretera que conecta a San Jos\u00e9 del Guaviare con\nCalamar lo confirma. Donde sol\u00eda prosperar la selva espesa, hoy crecen extensos\npotreros yermos. Los mu\u00f1ones de los \u00e1rboles talados asoman de la tierra como\ntumbas. <\/p>\n\n\n\n<h2 class=\"has-text-align-center wp-block-heading\">***<\/h2>\n\n\n\n<figure class=\"wp-block-image alignfull size-full\"><img loading=\"lazy\" decoding=\"async\" width=\"2000\" height=\"1333\" src=\"https:\/\/tierra.jerre-dev.xyz\/wp-content\/uploads\/2021\/04\/FOTO-3-1.jpg\" alt=\"\" class=\"wp-image-5274\" srcset=\"https:\/\/media.tierraderesistentes.com\/wp-content\/uploads\/2021\/04\/19210907\/FOTO-3-1.jpg 2000w, https:\/\/media.tierraderesistentes.com\/wp-content\/uploads\/2021\/04\/19210907\/FOTO-3-1-300x200.jpg 300w, https:\/\/media.tierraderesistentes.com\/wp-content\/uploads\/2021\/04\/19210907\/FOTO-3-1-1024x682.jpg 1024w, https:\/\/media.tierraderesistentes.com\/wp-content\/uploads\/2021\/04\/19210907\/FOTO-3-1-768x512.jpg 768w, https:\/\/media.tierraderesistentes.com\/wp-content\/uploads\/2021\/04\/19210907\/FOTO-3-1-1536x1024.jpg 1536w, https:\/\/media.tierraderesistentes.com\/wp-content\/uploads\/2021\/04\/19210907\/FOTO-3-1-630x420.jpg 630w, https:\/\/media.tierraderesistentes.com\/wp-content\/uploads\/2021\/04\/19210907\/FOTO-3-1-150x100.jpg 150w, https:\/\/media.tierraderesistentes.com\/wp-content\/uploads\/2021\/04\/19210907\/FOTO-3-1-696x464.jpg 696w, https:\/\/media.tierraderesistentes.com\/wp-content\/uploads\/2021\/04\/19210907\/FOTO-3-1-1068x712.jpg 1068w, https:\/\/media.tierraderesistentes.com\/wp-content\/uploads\/2021\/04\/19210907\/FOTO-3-1-1920x1280.jpg 1920w\" sizes=\"auto, (max-width: 2000px) 100vw, 2000px\" \/><figcaption>Felipe Henao en el claro del r\u00edo Unilla, en donde empiezan todos los videos de Pipe Q-ida. Foto: Mar\u00eda Paula Murcia Huertas<\/figcaption><\/figure>\n\n\n\n<p>Felipe se expresa con soltura. Habla\nclaro y fuerte. Mientras conversa, gesticula y mueve su cuerpo con decisi\u00f3n. Es\nun joven persuasivo, apasionado por la comunicaci\u00f3n desde hace diez a\u00f1os,\ncuando mont\u00f3 una peque\u00f1a emisora en un rinc\u00f3n de su colegio, la Instituci\u00f3n\nEducativa Carlos Mauro Hoyos, donde cobraba 500 pesos por pasar mensajes de los\nestudiantes a trav\u00e9s de la radio. <\/p>\n\n\n\n<p>Con el tiempo sus proyectos se hicieron\nm\u00e1s ambiciosos. Empez\u00f3 a hacer televisi\u00f3n en el canal comunitario de Calamar y\nfund\u00f3 m\u00e1s tarde <em>Videoclip<\/em>, un\nprograma en el que transmit\u00eda videos de la m\u00fasica de moda que en el pueblo no\nconoc\u00edan, pues no hab\u00eda internet. \u201cEntonces yo me pegaba al internet del\nhospital, al que ten\u00eda acceso solo el gerente. Le ped\u00ed la clave para que me\ndejara descargar los videos de 1:00 a 4:00 de la ma\u00f1ana, porque el internet era\nremalo\u201d, recuerda y se r\u00ede. \u201cY ah\u00ed mismo comenc\u00e9 a estudiar en la universidad a\ndistancia\u201d. <\/p>\n\n\n\n<p><strong>Con <em>Videoclip<\/em>, mientras estudiaba Comunicaci\u00f3n Social, Felipe empez\u00f3 a usar la tecnolog\u00eda y los medios para hablar sobre conservaci\u00f3n<\/strong>. En los intervalos de tiempo entre videos hac\u00eda entrevistas y reflexiones sobre el cuidado del ambiente. A\u00fan hoy conserva h\u00e1bitos de esa \u00e9poca como hacer tomas con su celular, que maneja como c\u00e1mara con una gran destreza, en todos los lugares y situaciones en las que est\u00e1. Ese fue el germen de lo que hoy es su proyecto de conservaci\u00f3n.<\/p>\n\n\n\n<blockquote class=\"wp-block-quote is-layout-flow wp-block-quote-is-layout-flow\"><p>\u201cSon los j\u00f3venes activistas quienes se convierten en blanco de amenazas porque los j\u00f3venes son la mano de obra de las actividades ilegales y el querer tener un porvenir diferente no se ve muy bien en el territorio\u201d<\/p><cite>Yanneth Bagarozza<\/cite><\/blockquote>\n\n\n\n<p>Pipe Q-ida naci\u00f3 en torno al para\u00edso natural y cultural cuya entrada es Calamar: su lema es <strong>#SomosGuardianesDeChiribiquete<\/strong> y se presenta como una plataforma generadora de cambio. Este proyecto, fundado por Felipe en 2016, hoy cuenta con 220 j\u00f3venes en el municipio a los que capacita -o facilita su capacitaci\u00f3n- en diferentes oficios para generar un movimiento de conservaci\u00f3n ambiental. <strong>As\u00ed articulan procesos en distintos frentes como arte, turismo, educaci\u00f3n ambiental y comunicaci\u00f3n digital para generar conciencia sobre la importancia de la conservaci\u00f3n.<\/strong> <\/p>\n\n\n\n<p>Felipe es un muchacho delgado, moreno y de rizos negros cortos que camina por el pueblo con la propiedad de quien conoce su patio. Mientras camina, identifica a los paisanos que participan de alguno de los proyectos de Pipe Q-ida: \u201cAc\u00e1 vive don Pedro. Su hijo hizo parte de nuestro proceso, pero tuvo que irse a la Armada\u201d; \u201caquel que est\u00e1 haciendo graffiti all\u00e1 se capacit\u00f3 en eso a trav\u00e9s de la organizaci\u00f3n\u201d; \u201cese es Fabio, que trabaja con Pipe Q-ida en el proyecto de Ambientes para la Paz\u201d. En el pueblo lo saludan con cari\u00f1o.<\/p>\n\n\n\n<p> <\/p>\n\n\n\n<figure class=\"wp-block-image alignfull size-full\"><img loading=\"lazy\" decoding=\"async\" width=\"2000\" height=\"1333\" src=\"https:\/\/tierra.jerre-dev.xyz\/wp-content\/uploads\/2020\/04\/DSC_0179.jpg\" alt=\"\" class=\"wp-image-5289\" srcset=\"https:\/\/media.tierraderesistentes.com\/wp-content\/uploads\/2020\/04\/19210857\/DSC_0179.jpg 2000w, https:\/\/media.tierraderesistentes.com\/wp-content\/uploads\/2020\/04\/19210857\/DSC_0179-300x200.jpg 300w, https:\/\/media.tierraderesistentes.com\/wp-content\/uploads\/2020\/04\/19210857\/DSC_0179-1024x682.jpg 1024w, https:\/\/media.tierraderesistentes.com\/wp-content\/uploads\/2020\/04\/19210857\/DSC_0179-768x512.jpg 768w, https:\/\/media.tierraderesistentes.com\/wp-content\/uploads\/2020\/04\/19210857\/DSC_0179-1536x1024.jpg 1536w, https:\/\/media.tierraderesistentes.com\/wp-content\/uploads\/2020\/04\/19210857\/DSC_0179-630x420.jpg 630w, https:\/\/media.tierraderesistentes.com\/wp-content\/uploads\/2020\/04\/19210857\/DSC_0179-150x100.jpg 150w, https:\/\/media.tierraderesistentes.com\/wp-content\/uploads\/2020\/04\/19210857\/DSC_0179-696x464.jpg 696w, https:\/\/media.tierraderesistentes.com\/wp-content\/uploads\/2020\/04\/19210857\/DSC_0179-1068x712.jpg 1068w, https:\/\/media.tierraderesistentes.com\/wp-content\/uploads\/2020\/04\/19210857\/DSC_0179-1920x1280.jpg 1920w\" sizes=\"auto, (max-width: 2000px) 100vw, 2000px\" \/><figcaption><em>Foto: Mar\u00eda Paula Murcia Huertas<\/em><\/figcaption><\/figure>\n\n\n\n<p>\u201cSon los j\u00f3venes activistas quienes se convierten en blanco de amenazas porque los j\u00f3venes son la mano de obra de las actividades ilegales y el querer tener un porvenir diferente no se ve muy bien en el territorio\u201d, dice Yanneth Bagarozza, quien trabaja en el programa Coraz\u00f3n de la Amazon\u00eda del Ministerio de Ambiente para detener la deforestaci\u00f3n en puntos cr\u00edticos, sobre todo en las cercan\u00edas de Parque Serran\u00eda del Chiribiquete. <strong>Para ella, los j\u00f3venes no son tenidos en cuenta para la toma de decisiones institucionales ni suele haber programas espec\u00edficamente dirigidos a ellos.<\/strong><\/p>\n\n\n\n<p>Ese es el vac\u00edo que Felipe ha intentado llenar.<\/p>\n\n\n\n<blockquote class=\"wp-block-quote is-layout-flow wp-block-quote-is-layout-flow\"><p>\u00abNos obligaron a acabar el proyecto de educaci\u00f3n rural que ten\u00edamos en escuelas alrededor del municipio, en donde se estaba presentando la deforestaci\u00f3n\u00bb<\/p><cite>Felipe Henao<\/cite><\/blockquote>\n\n\n\n<p>\u201cNuestro trabajo se enfoca en detener las cifras de deforestaci\u00f3n, y eso implica hacerlo con j\u00f3venes del campo, de los colegios, de la ciudad. Nos pusimos en el ojo del hurac\u00e1n\u201d, explica Felipe, dado que <strong>es un territorio lleno de actores ilegales con intereses de explotaci\u00f3n ambiental. \u201cEn 2017 comenc\u00e9 a recibir amenazas por parte de, al parecer, grupos al margen de la ley. Las he recibido escritas, telef\u00f3nicas, verbales; algunas con armas de fuego. <\/strong>Nos obligaron a acabar el proyecto de educaci\u00f3n rural que ten\u00edamos en escuelas alrededor del municipio, en donde se estaba presentando la deforestaci\u00f3n\u201d, dice.\u00a0 <\/p>\n\n\n\n<p>El trabajo con Pipe Q-ida signific\u00f3 el destierro para Felipe. En 2018 lo retuvieron tres hombres, presuntamente miembros de las disidencias del Frente Primero de las Farc, dentro del casco urbano de Calamar. Lo agarraron en la noche cerca de la plaza central, lo subieron de manera violenta a un veh\u00edculo y ah\u00ed le cubrieron la cabeza y lo llevaron a una vereda. <strong>All\u00ed le dijeron que ten\u00eda tres opciones: o dejaba de hacer su trabajo, o se iba, o lo mataban.<\/strong> Luego, en la madrugada, lo llevaron de vuelta al casco urbano. M\u00e1s de un a\u00f1o despu\u00e9s, Felipe tuvo que salir del municipio e irse a San Jos\u00e9 del Guaviare, donde se siente \u201cun eterno turista\u201d. Pero ni siquiera este desplazamiento logr\u00f3 que abandonara su vocaci\u00f3n como l\u00edder ambiental. <\/p>\n\n\n\n<blockquote class=\"wp-block-quote is-layout-flow wp-block-quote-is-layout-flow\"><p>\u201cAhora estamos iniciando otro proceso con alrededor de 80 ni\u00f1os de escuelas rurales que van a recibir capacitaci\u00f3n de parte de Pipe Q-ida\u201d<\/p><cite>Felipe Henao<\/cite><\/blockquote>\n\n\n\n<p>\u201cAhora estamos iniciando otro proceso con alrededor de 80 ni\u00f1os de escuelas rurales que van a recibir capacitaci\u00f3n de parte de Pipe Q-ida para restaurar viveros, reforestar la zona de amortiguamiento y trabajar temas de acceso a agua potable\u201d, cuenta Felipe. La organizaci\u00f3n tiene un brazo fuerte en comunicaci\u00f3n digital a trav\u00e9s de redes sociales, donde publican su gesti\u00f3n ambiental y expanden su mensaje urgente de protecci\u00f3n de la selva. <\/p>\n\n\n\n<p>Tambi\u00e9n trabajan en la gesti\u00f3n de un barco-restaurante como parte del circuito de turismo que est\u00e1n proponiendo los miembros de <strong>\u2018Ambientes para la Paz: vida digna y reconciliaci\u00f3n\u2019<\/strong>, un proyecto del Ministerio de Ambiente y el Gobierno Noruego, que busca <strong>apoyar procesos de reincorporaci\u00f3n de excombatientes de las Farc y aportar a la mitigaci\u00f3n y adaptaci\u00f3n al cambio clim\u00e1tico a partir de un esfuerzo por reducir la deforestaci\u00f3n. <\/strong><\/p>\n\n\n\n<iframe loading=\"lazy\" width=\"100%\" height=\"500\" src=\"https:\/\/www.youtube.com\/embed\/HImF4-LBspM\" frameborder=\"0\" allow=\"accelerometer; autoplay; encrypted-media; gyroscope; picture-in-picture\" allowfullscreen=\"\"><\/iframe>\n\n\n\n<h2 class=\"has-text-align-center wp-block-heading\">***<\/h2>\n\n\n\n<p>Nadie parece ser de Guaviare. <strong>El poblamiento de este territorio es el resultado de m\u00faltiples bonanzas que, a lo largo de la historia, han atra\u00eddo a for\u00e1neos.<\/strong> Desde el caucho en el siglo XIX, hasta las tigrilladas -el auge del comercio de pieles de tigrillos y otros felinos- de los a\u00f1os 70 y la coca en los \u00faltimos 30 a\u00f1os, pasando por las pol\u00edticas de \u2018Retorno al campo\u2019 que incentivaban la colonizaci\u00f3n y que comenzaron durante el gobierno de Carlos Lleras Restrepo.\u00a0 <\/p>\n\n\n\n<blockquote class=\"wp-block-quote is-layout-flow wp-block-quote-is-layout-flow\"><p>\u201cAqu\u00ed la gente se siente m\u00e1s llanera que amaz\u00f3nica\u201d<\/p><cite>Luz Amparo S\u00e1nchez<\/cite><\/blockquote>\n\n\n\n<p>Como puerta norte de la Amazon\u00eda, Guaviare es una zona lim\u00edtrofe. Una frontera, no solo geogr\u00e1fica y ecosist\u00e9mica, sino tambi\u00e9n identitaria, entre llano y selva. Aunque la ley establece que la mayor\u00eda del territorio all\u00ed est\u00e1 constituido por zonas protegidas, <strong>hoy los llanos y las praderas han reemplazado a la selva casi hasta la frontera con el Parque Nacional Chiribiquete. <\/strong><\/p>\n\n\n\n<p>\u201cAqu\u00ed la gente se siente m\u00e1s llanera que amaz\u00f3nica\u201d, dice Luz Amparo S\u00e1nchez, una periodista que naci\u00f3 y vive en San Jos\u00e9 del Guaviare. Mientras ella habla, al fondo suena m\u00fasica del llano. <strong>\u201cLo amaz\u00f3nico lo relacionan con los ind\u00edgenas y no se sienten ind\u00edgenas. Cuando llegan los Nukak, se quedan en el parque [de la ciudad] y la gente dice que est\u00e1n ensuciando la ciudad\u201d. <\/strong><\/p>\n\n\n\n<figure class=\"wp-block-image alignfull size-full\"><img loading=\"lazy\" decoding=\"async\" width=\"2000\" height=\"1333\" src=\"https:\/\/tierra.jerre-dev.xyz\/wp-content\/uploads\/2020\/04\/DSC_0041.jpg\" alt=\"\" class=\"wp-image-5287\" srcset=\"https:\/\/media.tierraderesistentes.com\/wp-content\/uploads\/2020\/04\/19210900\/DSC_0041.jpg 2000w, https:\/\/media.tierraderesistentes.com\/wp-content\/uploads\/2020\/04\/19210900\/DSC_0041-300x200.jpg 300w, https:\/\/media.tierraderesistentes.com\/wp-content\/uploads\/2020\/04\/19210900\/DSC_0041-1024x682.jpg 1024w, https:\/\/media.tierraderesistentes.com\/wp-content\/uploads\/2020\/04\/19210900\/DSC_0041-768x512.jpg 768w, https:\/\/media.tierraderesistentes.com\/wp-content\/uploads\/2020\/04\/19210900\/DSC_0041-1536x1024.jpg 1536w, https:\/\/media.tierraderesistentes.com\/wp-content\/uploads\/2020\/04\/19210900\/DSC_0041-630x420.jpg 630w, https:\/\/media.tierraderesistentes.com\/wp-content\/uploads\/2020\/04\/19210900\/DSC_0041-150x100.jpg 150w, https:\/\/media.tierraderesistentes.com\/wp-content\/uploads\/2020\/04\/19210900\/DSC_0041-696x464.jpg 696w, https:\/\/media.tierraderesistentes.com\/wp-content\/uploads\/2020\/04\/19210900\/DSC_0041-1068x712.jpg 1068w, https:\/\/media.tierraderesistentes.com\/wp-content\/uploads\/2020\/04\/19210900\/DSC_0041-1920x1280.jpg 1920w\" sizes=\"auto, (max-width: 2000px) 100vw, 2000px\" \/><figcaption><em>Foto: Mar\u00eda Paula Murcia Huertas<\/em><\/figcaption><\/figure>\n\n\n\n<p><a class=\"rank-math-link\" href=\"https:\/\/www.sinchi.org.co\/files\/publicaciones\/publicaciones\/pdf\/librosuelosweb.pdf\">Un informe del 2010 del Instituto Amaz\u00f3nico de Investigaciones Cient\u00edficas (Sinchi) lo explica as\u00ed<\/a>: \u201c<strong>La poblaci\u00f3n ind\u00edgena posee sistemas de subsistencia que no requieren grandes intervenciones del medio para suplir sus necesidades y requerimientos<\/strong>. Pero, por otra parte, la poblaci\u00f3n mestiza que ha llegado a la regi\u00f3n procede de los Llanos Orientales y de los departamentos de Huila y Tolima, con una fuerte tradici\u00f3n ganadera, lo que ha llevado a que repliquen estos modelos\u201d.<\/p>\n\n\n\n<p>La regi\u00f3n de la Orinoqu\u00eda tiene cuatro millones de hect\u00e1reas con vocaci\u00f3n ganadera, <a href=\"https:\/\/igac.gov.co\/es\/noticias\/el-159-de-la-orinoquia-tiene-suelos-aptos-para-soportar-la-presencia-del-ganado\">seg\u00fan el Instituto Geogr\u00e1fico Agust\u00edn Codazzi<\/a>. <a href=\"https:\/\/igac.gov.co\/es\/noticias\/no-hay-una-sola-hectarea-apta-para-la-ganaderia-en-la-amazonia-colombiana-director-del-igac\">La regi\u00f3n amaz\u00f3nica tiene cero<\/a>. Y aunque Guaviare pertenece a esta \u00faltima regi\u00f3n, el <a href=\"https:\/\/www.ica.gov.co\/getattachment\/e3513673-1567-405d-b853-14170e3ccb8a\/Censo-bovinos.aspx\">censo pecuario del Instituto Colombiano Agropecuario de 2008<\/a> cont\u00f3 169.000 cabezas de ganado. Para el primer semestre de 2019, seg\u00fan la versi\u00f3n m\u00e1s reciente del mismo censo, <a href=\"https:\/\/www.ica.gov.co\/areas\/pecuaria\/servicios\/epidemiologia-veterinaria\/censos-2016\/censo-2018\/mapapoblacionbovinos2019.aspx\">hab\u00eda aumentado a 443.633 animales<\/a>. Es decir, en 11 a\u00f1os el n\u00famero de vacas estuvo cerca de triplicarse. <strong>Hoy hay seis veces m\u00e1s vacas que personas.<\/strong><\/p>\n\n\n\n<blockquote class=\"wp-block-quote is-layout-flow wp-block-quote-is-layout-flow\"><p>\u00abLa poblaci\u00f3n mestiza que ha llegado a la regi\u00f3n procede de los Llanos Orientales y de los departamentos de Huila y Tolima, con una fuerte tradici\u00f3n ganadera, lo que ha llevado a que repliquen estos modelos\u00bb<\/p><cite><a href=\"https:\/\/www.sinchi.org.co\/files\/publicaciones\/publicaciones\/pdf\/librosuelosweb.pdf\">Instituto Amaz\u00f3nico de Investigaciones Cient\u00edficas (Sinchi)<\/a><\/cite><\/blockquote>\n\n\n\n<p>La\nganader\u00eda se ha vuelto tan com\u00fan en el departamento que en la sabidur\u00eda popular\nya hay un estimado de la tierra necesaria para la cr\u00eda de ganado. Muchos\ncoinciden en que el promedio es de una hect\u00e1rea de pasto por cada animal. Pero\nla cifra que maneja la Corporaci\u00f3n para el Desarrollo Sostenible del Norte y el\nOriente Amaz\u00f3nico (CDA), que es la autoridad ambiental en la regi\u00f3n, muestra que\nesa ganader\u00eda es m\u00e1s extensiva a\u00fan: apenas 0,6 animales por hect\u00e1rea. <\/p>\n\n\n\n<figure class=\"wp-block-image alignfull size-full\"><img loading=\"lazy\" decoding=\"async\" width=\"2000\" height=\"1333\" src=\"https:\/\/tierra.jerre-dev.xyz\/wp-content\/uploads\/2021\/04\/FOTO-4.jpg\" alt=\"\" class=\"wp-image-5276\" srcset=\"https:\/\/media.tierraderesistentes.com\/wp-content\/uploads\/2021\/04\/19210905\/FOTO-4.jpg 2000w, https:\/\/media.tierraderesistentes.com\/wp-content\/uploads\/2021\/04\/19210905\/FOTO-4-300x200.jpg 300w, https:\/\/media.tierraderesistentes.com\/wp-content\/uploads\/2021\/04\/19210905\/FOTO-4-1024x682.jpg 1024w, https:\/\/media.tierraderesistentes.com\/wp-content\/uploads\/2021\/04\/19210905\/FOTO-4-768x512.jpg 768w, https:\/\/media.tierraderesistentes.com\/wp-content\/uploads\/2021\/04\/19210905\/FOTO-4-1536x1024.jpg 1536w, https:\/\/media.tierraderesistentes.com\/wp-content\/uploads\/2021\/04\/19210905\/FOTO-4-630x420.jpg 630w, https:\/\/media.tierraderesistentes.com\/wp-content\/uploads\/2021\/04\/19210905\/FOTO-4-150x100.jpg 150w, https:\/\/media.tierraderesistentes.com\/wp-content\/uploads\/2021\/04\/19210905\/FOTO-4-696x464.jpg 696w, https:\/\/media.tierraderesistentes.com\/wp-content\/uploads\/2021\/04\/19210905\/FOTO-4-1068x712.jpg 1068w, https:\/\/media.tierraderesistentes.com\/wp-content\/uploads\/2021\/04\/19210905\/FOTO-4-1920x1280.jpg 1920w\" sizes=\"auto, (max-width: 2000px) 100vw, 2000px\" \/><figcaption>Para que el proceso de deforestaci\u00f3n sea efectivo, los colonos del Guaviare esperan a que el sol en d\u00edas de verano seque la selva tumbada para despu\u00e9s quemarla. Foto: Mar\u00eda Paula Murcia Huertas<\/figcaption><\/figure>\n\n\n\n<p><strong>Por eso la ganader\u00eda es hoy el motor de deforestaci\u00f3n m\u00e1s intenso del departamento.<\/strong> Reemplaz\u00f3 la l\u00f3gica amaz\u00f3nica de la chagra por una de praderizaci\u00f3n. La chagra ha sido tradicionalmente el lugar donde las comunidades ind\u00edgenas cultivan alimentos para la subsistencia de cada familia. Tumban y queman porciones peque\u00f1as de selva, en donde siembran lo que comer\u00e1n luego. <strong>Pero el suelo fr\u00e1gil de la selva no es apto para cultivos agr\u00edcolas y no resiste la siembra prolongada. Por eso las comunidades han aprendido a rotar sus chagras, de manera que todos ganan: las personas comen, la tierra descansa y la selva se regenera.<\/strong><\/p>\n\n\n\n<blockquote class=\"wp-block-quote is-layout-flow wp-block-quote-is-layout-flow\"><p>\u00abTodos los incendios que apagamos son creados por el hombre y est\u00e1n relacionados con la deforestaci\u00f3n\u00bb<\/p><cite>Jhon Perdomo<\/cite><\/blockquote>\n\n\n\n<p>La ganader\u00eda no funciona igual: seg\u00fan la l\u00f3gica convencional, <strong>para cada vaca hay que tumbar una hect\u00e1rea de selva y convertirla en potrero. Implica quemas masivas para limpiar el terreno y conseguir m\u00e1s lugar para los animales.<\/strong> Aunque existen modelos m\u00e1s sostenibles y productivos, a partir de pr\u00e1cticas como sembrar cercas vivas, intercalar vacas con \u00e1rboles y rotar potreros, en Guaviare apenas se ven.<\/p>\n\n\n\n<p>Jhon\nPerdomo es vecino de la familia de Felipe en \u201cEl Embudo\u201d. Es un hombre grande y\nbuen conversador. Dedica sus d\u00edas a comandar la unidad de bomberos voluntarios\nde Calamar. \u201cNosotros clasificamos los incendios en dos\u201d, explica Perdomo. \u201cEst\u00e1n\nlos naturales y los que son provocados por el hombre. Todos los incendios que\napagamos son creados por el hombre y est\u00e1n relacionados con la deforestaci\u00f3n\u201d,\ndice. <\/p>\n\n\n\n<p>Las cifras lo confirman. A\u00f1o a a\u00f1o, sobre\ntodo despu\u00e9s de la firma del Acuerdo de Paz, la deforestaci\u00f3n ha venido\naumentando en el departamento. <a href=\"https:\/\/rds.org.co\/es\/novedades\/la-cifra-de-deforestacion-en-colombia-2015-reporta-124-035-hectareas-afectadas\">En 2015,\nel Ideam report\u00f3 9.634 hect\u00e1reas de selva deforestada<\/a>. <a href=\"http:\/\/www.ideam.gov.co\/documents\/24277\/0\/Presentaci%97n+Estrategia+Integral+de+Control+a+la+Deforestaci%97n\/173f79bf-3e68-4cbc-9387-80123d09b5e2\">En\n2016 fueron 11.456<\/a>. <a href=\"http:\/\/documentacion.ideam.gov.co\/openbiblio\/bvirtual\/023835\/Resultados_Monitoreo_Deforestacion_2017.pdf\">Para\n2017 aumentaron a 38.221<\/a>. <a href=\"https:\/\/pidamazonia.com\/sites\/default\/files\/listado\/Actualizacion_cifras2018FINALDEFORESTACION.pdf\">En\n2018 se reportaron 34.527<\/a>, y aunque las cifras consolidadas de 2019 a\u00fan no\nhan sido publicadas, la CDA espera unas 40.000. En los \u00faltimos cinco a\u00f1os a la\nselva de Guaviare le han extirpado una porci\u00f3n de territorio equivalente a m\u00e1s\nde tres veces el \u00e1rea de Medell\u00edn.<\/p>\n\n\n\n<iframe loading=\"lazy\" width=\"100%\" height=\"500\" src=\"https:\/\/www.youtube.com\/embed\/iPSZBkwuPm8\" frameborder=\"0\" allow=\"accelerometer; autoplay; encrypted-media; gyroscope; picture-in-picture\" allowfullscreen=\"\"><\/iframe>\n\n\n\n<h2 class=\"has-text-align-center wp-block-heading\">***<\/h2>\n\n\n\n<p>La deforestaci\u00f3n en Guaviare no naci\u00f3 con la ganader\u00eda. <strong>Antes de las vacas, <a href=\"http:\/\/www.odc.gov.co\/portals\/1\/regionalizacion\/caracterizacion\/RE052015-caracterizacion-regional-problematica-asociada-drogas-ilicitas-guaviare.pdf\">la coca<\/a> era el principal motivo de destrucci\u00f3n de la selva.<\/strong> Tumbaban para sembrar la planta que a su vez permite producir el oro blanco que se convirti\u00f3 en la moneda de cambio de la regi\u00f3n, que atrajo a personas de todo el pa\u00eds en busca de fortuna. Pedro Padua, abuelo ind\u00edgena tukano, recuerda que alrededor del a\u00f1o 1970 empezaron a tumbar para sembrar cultivos de uso il\u00edcito en zona rural de Calamar. <a href=\"http:\/\/biesimci.org\/Documentos\/Documentos_files\/Censo_cultivos_coca_2003.pdf\">Seg\u00fan datos del Sistema Integral de Monitoreo de Cultivos Il\u00edcitos (Simci) de Naciones Unidas<\/a>, en 1999 Guaviare era el segundo departamento de Colombia con m\u00e1s hect\u00e1reas de coca sembrada, despu\u00e9s de Putumayo. Para marzo de ese a\u00f1o se registraron 28.435 hect\u00e1reas. <\/p>\n\n\n\n<p>Felipe naci\u00f3 en 1994, varios a\u00f1os despu\u00e9s de que la bonanza cocalera empezara a incidir en la deforestaci\u00f3n, pero \u00e9l tambi\u00e9n la vivi\u00f3: de ni\u00f1o le pidi\u00f3 a su pap\u00e1 un pedazo de tierra para cultivar el arbusto en la finca donde viv\u00edan. \u201cA los siete a\u00f1os yo ya sab\u00eda procesar la coca, porque era el ayudante de mi pap\u00e1\u201d. Pero en 1999, <strong>con la implementaci\u00f3n de las pol\u00edticas de erradicaci\u00f3n del Plan Colombia, las aspersiones a\u00e9reas con glifosato le truncaron sus aspiraciones.<\/strong> <strong>\u201cAlgo que le agradezco al glifosato es que hoy no sea yo un cocalero o un raspacho\u201d<\/strong>, dice.<\/p>\n\n\n\n<blockquote class=\"wp-block-quote is-layout-flow wp-block-quote-is-layout-flow\"><p>\u201cNosotros sal\u00edamos a atender incendios muy peque\u00f1os. Ahora esos peque\u00f1os focos empezaron a convertirse en grandes extensiones\u201d<\/p><cite>Jhon Perdomo<\/cite><\/blockquote>\n\n\n\n<p>\u201cCuando hab\u00eda coca no hab\u00eda la misma\ncantidad de incendios\u201d, cuenta el bombero Perdomo. \u201cNosotros sal\u00edamos a atender\nincendios muy peque\u00f1os. Ahora esos peque\u00f1os focos empezaron a convertirse en\ngrandes extensiones\u201d. <\/p>\n\n\n\n<p>Carlos Perdomo, hermano de Jhon y tambi\u00e9n bombero, lleg\u00f3 a Guaviare en 1980, en plena bonanza cocalera. Carlos cuenta que en ese entonces un jornalero necesitaba 15 d\u00edas de trabajo con un hacha para talar una hect\u00e1rea de monte.<strong> Hoy, con una motosierra, ese trabajo toma un d\u00eda o menos. La ganancia que hoy dejan 300 hect\u00e1reas de ganado, estiman en la regi\u00f3n, equivale a lo que en esa \u00e9poca dejaban dos o tres de coca.\u00a0<\/strong> <\/p>\n\n\n\n<p>\u201cPor eso la ganader\u00eda es un problema de terratenientes. Los campesinos no tienen la capacidad de tumbar mil hect\u00e1reas\u201d, dice Jorge Avenda\u00f1o, un bogotano que vive en Calamar hace 20 a\u00f1os y se desempe\u00f1a como veedor en el cuidado del r\u00edo Unilla que circunda el municipio. <strong>A trav\u00e9s de su trabajo ha hecho denuncias sobre vertimientos de residuos y exceso en la capacidad de carga de lanchas en el r\u00edo. \u00c9l tambi\u00e9n ha recibido amenazas. <\/strong><\/p>\n\n\n\n<blockquote class=\"wp-block-quote is-layout-flow wp-block-quote-is-layout-flow\"><p>\u201cPor eso la ganader\u00eda es un problema de terratenientes. Los campesinos no tienen la capacidad de tumbar mil hect\u00e1reas\u201d<\/p><cite>Jorge Avenda\u00f1o<\/cite><\/blockquote>\n\n\n\n<p>\u201cPero a esos lugares no llega la CDA\u201d, agrega Felipe. Es com\u00fan la percepci\u00f3n de que la autoridad ambiental del departamento no est\u00e1 haciendo su trabajo. <strong>\u201cAgarran a un campesino que tumba dos palos, pero al que deforesta toda la finca no le hacen nada\u201d<\/strong>. <\/p>\n\n\n\n<p>Para Fernanda Calder\u00f3n, directora de la\nCDA seccional Guaviare, estas acusaciones son normales. Pero dice que no tienen\nla capacidad de ir m\u00e1s all\u00e1. Cuentan con seis funcionarios de planta, de los\ncuales solo uno responde directamente al problema de la deforestaci\u00f3n, y un\nequipo t\u00e9cnico de siete personas, contratado por Visi\u00f3n Amazonia, para proteger\nlos 5,5 millones de hect\u00e1reas que conforman Guaviare. <\/p>\n\n\n\n<p>\u201c<strong>Los focos de deforestaci\u00f3n est\u00e1n en zonas de reserva forestal en donde no hay t\u00edtulos<\/strong>. Los predios son bald\u00edos de la Naci\u00f3n. Entonces cuando llegamos a atender una denuncia tratamos de identificar qui\u00e9n es el infractor. Porque generalmente <strong>al que encontramos es al jornalero a quien le est\u00e1n pagando por hacer el trabajo de tumbar<\/strong>\u201d, dice Calder\u00f3n.\u00a0 <\/p>\n\n\n\n<h2 class=\"has-text-align-center wp-block-heading\">***<\/h2>\n\n\n\n<figure class=\"wp-block-image alignfull size-full\"><img loading=\"lazy\" decoding=\"async\" width=\"2000\" height=\"1333\" src=\"https:\/\/tierra.jerre-dev.xyz\/wp-content\/uploads\/2021\/04\/FOTO-5.jpg\" alt=\"\" class=\"wp-image-5278\" srcset=\"https:\/\/media.tierraderesistentes.com\/wp-content\/uploads\/2021\/04\/19210904\/FOTO-5.jpg 2000w, https:\/\/media.tierraderesistentes.com\/wp-content\/uploads\/2021\/04\/19210904\/FOTO-5-300x200.jpg 300w, https:\/\/media.tierraderesistentes.com\/wp-content\/uploads\/2021\/04\/19210904\/FOTO-5-1024x682.jpg 1024w, https:\/\/media.tierraderesistentes.com\/wp-content\/uploads\/2021\/04\/19210904\/FOTO-5-768x512.jpg 768w, https:\/\/media.tierraderesistentes.com\/wp-content\/uploads\/2021\/04\/19210904\/FOTO-5-1536x1024.jpg 1536w, https:\/\/media.tierraderesistentes.com\/wp-content\/uploads\/2021\/04\/19210904\/FOTO-5-630x420.jpg 630w, https:\/\/media.tierraderesistentes.com\/wp-content\/uploads\/2021\/04\/19210904\/FOTO-5-150x100.jpg 150w, https:\/\/media.tierraderesistentes.com\/wp-content\/uploads\/2021\/04\/19210904\/FOTO-5-696x464.jpg 696w, https:\/\/media.tierraderesistentes.com\/wp-content\/uploads\/2021\/04\/19210904\/FOTO-5-1068x712.jpg 1068w, https:\/\/media.tierraderesistentes.com\/wp-content\/uploads\/2021\/04\/19210904\/FOTO-5-1920x1280.jpg 1920w\" sizes=\"auto, (max-width: 2000px) 100vw, 2000px\" \/><figcaption>Angie Perdomo y Jhon Perdomo hacen parte del equipo de bomberos voluntarios de Calamar. Foto: Mar\u00eda Paula Murcia Huertas<\/figcaption><\/figure>\n\n\n\n<p>\u201cAbnegaci\u00f3n, valor y disciplina\u201d es el lema de los bomberos voluntarios de Calamar. La precariedad es su rutina, pero en el pueblo todos conf\u00edan en el trabajo de estas personas que intentan aplacar los efectos ambientales de la tala. \u201c<strong>Nosotros no tenemos equipos ni personal para responder al incremento de los incendios.<\/strong> Nos toca multiplicarnos porque solo somos 20 bomberos voluntarios activos. Deber\u00eda haber por lo menos 35, todos pagos\u201d, dice Jhon Perdomo.<\/p>\n\n\n\n<p>Felipe es uno de los voluntarios activos. Colgado de su cuello, bajo su camiseta, lleva siempre el carnet que lo identifica como bombero. \u201cYo nunca salgo sin mi carnet. Se me puede quedar la billetera, el celular, pero nunca el carnet\u201d, dice con orgullo. <\/p>\n\n\n\n<blockquote class=\"wp-block-quote is-layout-flow wp-block-quote-is-layout-flow\"><p>\u00abNos toca multiplicarnos porque solo somos 20 bomberos voluntarios activos. Deber\u00eda haber por lo menos 35, todos pagos\u00bb<\/p><cite>Jhon Perdomo<\/cite><\/blockquote>\n\n\n\n<p>La estaci\u00f3n es una bodega grande con una\noficina, un espacio para comer, unas habitaciones y espacio para parquear los\ntres veh\u00edculos que usan: una trajinada camioneta roja doble tracci\u00f3n de plat\u00f3n,\nun cami\u00f3n cisterna con capacidad de 800 galones que ya se les qued\u00f3 peque\u00f1o\npara atender los incendios, y una camioneta blanca doble tracci\u00f3n que casi no\nusan, a pesar de que es mucho m\u00e1s nueva, porque solo tiene capacidad para 55\ngalones de agua y, puesto que no les pertenece, no la pueden modificar. <\/p>\n\n\n\n<p>Adem\u00e1s de carros de bomberos, estos veh\u00edculos se utilizan como ambulancia porque el hospital de Calamar no cuenta con una. <strong>Los bomberos, adem\u00e1s, deben realizar los traslados de muertos, heridos y enfermos, que tambi\u00e9n han aumentado con los incendios. <\/strong><\/p>\n\n\n\n<h2 class=\"has-text-align-center wp-block-heading\">***<\/h2>\n\n\n\n<iframe loading=\"lazy\" width=\"100%\" height=\"500\" src=\"https:\/\/www.youtube.com\/embed\/FgrRe-lG458\" frameborder=\"0\" allow=\"accelerometer; autoplay; encrypted-media; gyroscope; picture-in-picture\" allowfullscreen=\"\"><\/iframe>\n\n\n\n<p>Las \u00faltimas amenazas que Felipe recibi\u00f3 llegaron en noviembre de 2019. Vinieron de parte de hombres a los que no conoc\u00eda, pero en quienes reconoci\u00f3 un acento extranjero. Para ese momento, la Unidad Nacional de Protecci\u00f3n ya le hab\u00eda concedido un esquema de seguridad, un a\u00f1o despu\u00e9s de que presuntos integrantes de las <span style=\"background-color:#374141\" class=\"td_text_highlight_marker\">disidencias de las Farc<\/span> \u2013que abandonaron el acuerdo de paz y se mantuvieron en armas- lo secuestraron. <strong>Entonces sus captores le dieron tres opciones: irse de Calamar, dejar de hacer su trabajo de conservaci\u00f3n o morir. <\/strong><\/p>\n\n\n\n<p>El esquema consiste en un hombre armado, un chaleco antibalas y un celular. Los tres lo acompa\u00f1an siempre. Pero a\u00fan acompa\u00f1ado, el joven activista sigui\u00f3 recibiendo amenazas. <strong>Hombres armados se paraban durante horas frente a su casa a simular que hablaban por tel\u00e9fono mientras lo vigilaban. Por eso se fue a la capital del departamento.<\/strong> <\/p>\n\n\n\n<p>Felipe recibi\u00f3 del Estado una protecci\u00f3n precaria, y los funcionarios lo han revictimizado. \u201cDespu\u00e9s de mi rapto ilegal tuve que ir a la Alcald\u00eda a reportar el caso. El alcalde que acaba de salir [<span style=\"background-color:#374141\" class=\"td_text_highlight_marker\">Pedro Pablo Novoa<\/span>, imputado por la Fiscal\u00eda en diciembre de 2019 por delitos ambientales en la construcci\u00f3n de una carretera ilegal] hizo consejo de seguridad extraordinario y lo que dijo fue: &#8216;Ah, es que como ustedes se oponen al desarrollo, eso les pasa. Y, adem\u00e1s, amenazas sufrimos todos\u2019\u201d, cuenta Felipe. <\/p>\n\n\n\n<blockquote class=\"wp-block-quote is-layout-flow wp-block-quote-is-layout-flow\"><p>Aunque \u00e9l es quiz\u00e1s el m\u00e1s protegido de los l\u00edderes ambientales en Calamar, no es el \u00fanico que necesita protecci\u00f3n.<\/p><\/blockquote>\n\n\n\n<p>Aunque \u00e9l es quiz\u00e1s el m\u00e1s protegido de los l\u00edderes ambientales en Calamar, no es el \u00fanico que necesita protecci\u00f3n. Otros tambi\u00e9n reciben amenazas constantes. <strong>A Jorge Avenda\u00f1o, el veedor del r\u00edo Unilla, lo han amenazado por tel\u00e9fono, lo han insultado por la calle y hasta le rompieron con piedras su taller en el que trabaja como astillero de lanchas en el puerto de carga de Calamar. <\/strong><\/p>\n\n\n\n<p>El a\u00f1o pasado en las casas de estas personas apareci\u00f3 un panfleto firmado por las \u201cDisidencias de las FARC-EP\u201d: \u201cEste comunicado va dirigido a todos los l\u00edderes sociales, ambientalistas, l\u00edderes comunales y dem\u00e1s organizaciones sociales que desarrollen actividades en los municipios de Retorno, Calamar, Miraflores y San Jos\u00e9 del Guaviare. Que a partir del 1 de junio del presente a\u00f1o ser\u00e1n considerados nuevamente objetivo militar por nuestros hombres. Hoy m\u00e1s que nunca, las guerrillas de las FARC, seguimos luchando frente al modelo opresor del Gobierno colombiano y sus aliados estrat\u00e9gicos que buscan combatir a nuestros hombres\u201d, les amenazaban.<\/p>\n\n\n\n<blockquote class=\"wp-block-quote is-layout-flow wp-block-quote-is-layout-flow\"><p>La falta de coherencia en los mensajes puede ser s\u00edntoma de lo que se ha dicho sobre las disidencias: que no tienen un mando y act\u00faan como c\u00e9lulas disgregadas.<\/p><\/blockquote>\n\n\n\n<p>D\u00edas\ndespu\u00e9s, por WhatsApp, algunos de los l\u00edderes amenazados recibieron un\ncomunicado m\u00e1s largo, firmado tambi\u00e9n por las extintas FARC-EP, que parec\u00eda\ncontradecir el anterior: \u201cEl cinismo de esta oligarqu\u00eda [las clases dominantes\ny el gobierno] los lleva a tener una mente retardataria, al justificar la\nrepresi\u00f3n contra la protesta social a lo largo y ancho del territorio nacional.\nEsta estigmatizaci\u00f3n a la protesta social, a las organizaciones sociales y a\nsus l\u00edderes, es complementada con falsos positivos judiciales contra l\u00edderes\nsociales, dirigentes pol\u00edticos, partidos de izquierda, estudiantes, e ind\u00edgenas\ny familias campesinas\u201d, dice.&nbsp; <\/p>\n\n\n\n<p>La falta de coherencia en los mensajes puede ser s\u00edntoma de lo que se ha dicho sobre las disidencias: que no tienen un mando y act\u00faan como c\u00e9lulas disgregadas. Sin embargo, algunos de los l\u00edderes que han recibido estos mensajes prefieren dudar de su verdadero origen. <strong>Felipe, por ejemplo, dice que no puede afirmar que sus captores en realidad fueran miembros de las disidencias. <\/strong><\/p>\n\n\n\n<blockquote class=\"wp-block-quote is-layout-flow wp-block-quote-is-layout-flow\"><p>\u201cAntes del secuestro yo no hab\u00eda denunciado, porque aqu\u00ed los l\u00edderes tenemos miedo del sistema del Estado. No es seguro\u201d<\/p><\/blockquote>\n\n\n\n<p>\u201cAntes del\nsecuestro yo no hab\u00eda denunciado, porque aqu\u00ed los l\u00edderes tenemos miedo del\nsistema del Estado. No es seguro\u201d, cuenta Felipe. Aunque dice haber conversado con la oficina regional de\nla Defensor\u00eda del Pueblo en San Jos\u00e9 del Guaviare, al preguntarle a funcionarios de esta entidad por su caso, dicen que\nno lo conocen. El origen de las amenazas nunca se ha aclarado. Muchos en la\nregi\u00f3n culpan a las disidencias de las Farc, pero nadie ha podido demostrarlo.\nUna buena pista palpita detr\u00e1s de la pregunta que se hacen los activistas de\nGuaviare.<\/p>\n\n\n\n<p>\u00bfA\nqui\u00e9n le incomodan los liderazgos ambientales? <\/p>\n\n\n\n<h2 class=\"has-text-align-center wp-block-heading\">***<\/h2>\n\n\n\n<figure class=\"wp-block-image alignfull size-full\"><img loading=\"lazy\" decoding=\"async\" width=\"2000\" height=\"1333\" src=\"https:\/\/tierra.jerre-dev.xyz\/wp-content\/uploads\/2021\/04\/FOTO-6.jpg\" alt=\"\" class=\"wp-image-5281\" srcset=\"https:\/\/media.tierraderesistentes.com\/wp-content\/uploads\/2021\/04\/19210902\/FOTO-6.jpg 2000w, https:\/\/media.tierraderesistentes.com\/wp-content\/uploads\/2021\/04\/19210902\/FOTO-6-300x200.jpg 300w, https:\/\/media.tierraderesistentes.com\/wp-content\/uploads\/2021\/04\/19210902\/FOTO-6-1024x682.jpg 1024w, https:\/\/media.tierraderesistentes.com\/wp-content\/uploads\/2021\/04\/19210902\/FOTO-6-768x512.jpg 768w, https:\/\/media.tierraderesistentes.com\/wp-content\/uploads\/2021\/04\/19210902\/FOTO-6-1536x1024.jpg 1536w, https:\/\/media.tierraderesistentes.com\/wp-content\/uploads\/2021\/04\/19210902\/FOTO-6-630x420.jpg 630w, https:\/\/media.tierraderesistentes.com\/wp-content\/uploads\/2021\/04\/19210902\/FOTO-6-150x100.jpg 150w, https:\/\/media.tierraderesistentes.com\/wp-content\/uploads\/2021\/04\/19210902\/FOTO-6-696x464.jpg 696w, https:\/\/media.tierraderesistentes.com\/wp-content\/uploads\/2021\/04\/19210902\/FOTO-6-1068x712.jpg 1068w, https:\/\/media.tierraderesistentes.com\/wp-content\/uploads\/2021\/04\/19210902\/FOTO-6-1920x1280.jpg 1920w\" sizes=\"auto, (max-width: 2000px) 100vw, 2000px\" \/><figcaption>Aunque el turismo dentro del parque no est\u00e1 permitido, el r\u00edo Itilla, lindero de un tramo del extremo norte del Parque Chiribiquete, es un destino tur\u00edstico popular en la regi\u00f3n. Foto: Mar\u00eda Paula Murcia Huertas<\/figcaption><\/figure>\n\n\n\n<p>Entrar en el Parque Serran\u00eda del\nChiribiquete, despu\u00e9s de atravesar tantos potreros, es impactante. Es una\nselva muy espesa, con poca luz, donde se siente un calor distinto: un vaho de\nhumedad que brota de tantas plantas reunidas unas junto a las otras. <\/p>\n\n\n\n<p>Es dif\u00edcil caminar entre la profusi\u00f3n de troncos, espinas, ra\u00edces y hojas. No hay senderos y tampoco pasto, porque la vegetaci\u00f3n m\u00e1s alta absorbe todo el sol que necesitar\u00eda este para prosperar. <strong>La selva y el llano no pueden convivir. Una vaca no sobrevivir\u00eda en este ambiente. <\/strong><\/p>\n\n\n\n<blockquote class=\"wp-block-quote is-layout-flow wp-block-quote-is-layout-flow\"><p>En el l\u00edmite contra un llano que se expande, Chiribiquete es todav\u00eda una esperanza de conservaci\u00f3n.<\/p><\/blockquote>\n\n\n\n<p>Proteger esta selva es el prop\u00f3sito\nprimordial de Felipe y sus aliados. En el l\u00edmite contra un llano que se\nexpande, Chiribiquete es todav\u00eda una esperanza de conservaci\u00f3n. Perder este\nterritorio bajo las llamas, en palabras de Gonzalo Andrade, profesor del\nInstituto de Ciencias Naturales de la Universidad Nacional, experto en\nmariposas y uno de los cient\u00edficos que m\u00e1s ha estudiado la Serran\u00eda,\nsignificar\u00eda \u201cacabar con la vida misma\u201d. <\/p>\n\n\n\n<p>\u201c<strong>Es un territorio que presta unas funciones ecol\u00f3gicas y ambientales muy importantes.<\/strong> Es un regulador del clima e h\u00eddrico, hace recambio de aire y provee r\u00edos a\u00e9reos, porque, as\u00ed como hay agua abajo, tambi\u00e9n hay agua arriba circulando con la evaporaci\u00f3n. Adem\u00e1s, <strong>conserva un alt\u00edsimo porcentaje de la biodiversidad del planeta y esto es fundamental para el mantenimiento de la vida y de los ecosistemas<\/strong>\u201d explica Bagarozza, del programa Coraz\u00f3n de la Amazon\u00eda, sobre la importancia de la selva amaz\u00f3nica.<\/p>\n\n\n\n<blockquote class=\"wp-block-quote is-layout-flow wp-block-quote-is-layout-flow\"><p>\u201cMe hace falta. Ya quiero volver. Espero poder hacerlo pronto\u201d<\/p><cite>Felipe Henao<\/cite><\/blockquote>\n\n\n\n<p>Por esto Felipe, adem\u00e1s de sus videos, y desatendiendo las amenazas que lo obligaron a desterrarse, ha dedicado su vida a gestionar recursos para reforestar la tierra que han convertido en potreros al Guaviare. <strong>A trav\u00e9s de Pipe Q-ida se han reforestado 25 hect\u00e1reas cercanas al casco urbano de Calamar con \u00e1rboles nativos. <\/strong>En las jornadas de reforestaci\u00f3n han participado habitantes del pueblo, comerciantes, la CDA, el Sinchi, viveros privados, l\u00edderes de la comunidad, Polic\u00eda y Ej\u00e9rcito. <\/p>\n\n\n\n<p><strong>Cada quien decide participar como puede: donando tiempo, dinero, plantas, hidrataci\u00f3n, trabajo. <\/strong>Felipe coordina todo y ha logrado estas jornadas explicando a todos lo que se pierde si la deforestaci\u00f3n sigue devorando la selva en Chiribiquete. <\/p>\n\n\n\n<figure class=\"wp-block-image alignfull size-full\"><img loading=\"lazy\" decoding=\"async\" width=\"2000\" height=\"1333\" src=\"https:\/\/tierra.jerre-dev.xyz\/wp-content\/uploads\/2021\/04\/FOTO-1-1.jpg\" alt=\"\" class=\"wp-image-5291\" srcset=\"https:\/\/media.tierraderesistentes.com\/wp-content\/uploads\/2021\/04\/19210857\/FOTO-1-1.jpg 2000w, https:\/\/media.tierraderesistentes.com\/wp-content\/uploads\/2021\/04\/19210857\/FOTO-1-1-300x200.jpg 300w, https:\/\/media.tierraderesistentes.com\/wp-content\/uploads\/2021\/04\/19210857\/FOTO-1-1-1024x682.jpg 1024w, https:\/\/media.tierraderesistentes.com\/wp-content\/uploads\/2021\/04\/19210857\/FOTO-1-1-768x512.jpg 768w, https:\/\/media.tierraderesistentes.com\/wp-content\/uploads\/2021\/04\/19210857\/FOTO-1-1-1536x1024.jpg 1536w, https:\/\/media.tierraderesistentes.com\/wp-content\/uploads\/2021\/04\/19210857\/FOTO-1-1-630x420.jpg 630w, https:\/\/media.tierraderesistentes.com\/wp-content\/uploads\/2021\/04\/19210857\/FOTO-1-1-150x100.jpg 150w, https:\/\/media.tierraderesistentes.com\/wp-content\/uploads\/2021\/04\/19210857\/FOTO-1-1-696x464.jpg 696w, https:\/\/media.tierraderesistentes.com\/wp-content\/uploads\/2021\/04\/19210857\/FOTO-1-1-1068x712.jpg 1068w, https:\/\/media.tierraderesistentes.com\/wp-content\/uploads\/2021\/04\/19210857\/FOTO-1-1-1920x1280.jpg 1920w\" sizes=\"auto, (max-width: 2000px) 100vw, 2000px\" \/><figcaption>Felipe Henao fue exiliado de Calamar a finales del 2019 despu\u00e9s de dos a\u00f1os de recibir amenazas por desempe\u00f1arse como l\u00edder ambiental del proyecto Pipe Q-ida. Cr\u00e9dito: Mar\u00eda Paula Murcia Huertas.<\/figcaption><\/figure>\n\n\n\n<p>La \u00faltima de estas jornadas fue entre el 27 y el 29 de noviembre pasados.\u00a0\u201cSembramos 1.400 \u00e1rboles, para venirme ya de Calamar\u201d, explica Felipe con una sonrisa t\u00edmida que trata de ocultar lo que le produce el destierro. <\/p>\n\n\n\n<p>Aparta su mirada al saberse descubierto. Le duele haber salido de su pueblo. \u201cMe hace falta. Ya quiero volver. Espero poder hacerlo pronto\u201d, dice. <\/p>\n\n\n\n<div class=\"wp-block-image\"><figure class=\"aligncenter size-large is-resized\"><img loading=\"lazy\" decoding=\"async\" src=\"https:\/\/tierra.jerre-dev.xyz\/wp-content\/uploads\/2021\/03\/eee.png\" alt=\"Tierra de Resistentes\" class=\"wp-image-3766\" width=\"100\" height=\"100\" srcset=\"https:\/\/media.tierraderesistentes.com\/wp-content\/uploads\/2021\/03\/19211834\/eee.png 400w, https:\/\/media.tierraderesistentes.com\/wp-content\/uploads\/2021\/03\/19211834\/eee-300x300.png 300w, https:\/\/media.tierraderesistentes.com\/wp-content\/uploads\/2021\/03\/19211834\/eee-150x150.png 150w\" sizes=\"auto, (max-width: 100px) 100vw, 100px\" \/><\/figure><\/div>\n","protected":false},"excerpt":{"rendered":"<p>Desde la firma de los Acuerdos de Paz con la antigua guerrilla de las Farc, Felipe Henao se ha dedicado a dirigir un proyecto de comunicaci\u00f3n y educaci\u00f3n ambiental en el tercer departamento m\u00e1s deforestado del pa\u00eds: Guaviare. Por ejercer este liderazgo, su vida peligra.<\/p>\n","protected":false},"author":22,"featured_media":5268,"comment_status":"open","ping_status":"open","sticky":false,"template":"","format":"standard","meta":{"_acf_changed":false,"_uf_show_specific_survey":0,"_uf_disable_surveys":false,"footnotes":""},"categories":[2,44],"tags":[298,95,374,47,294,375,373],"coauthors":[210,216],"class_list":{"0":"post-534","1":"post","2":"type-post","3":"status-publish","4":"format-standard","5":"has-post-thumbnail","7":"category-colombia","8":"category-reportajes","9":"tag-chiribiquete","10":"tag-coca","11":"tag-conservacion","12":"tag-fase-ii","13":"tag-ganaderia","14":"tag-pipe-q-ida","15":"tag-tala"},"acf":[],"yoast_head":"<!-- This site is optimized with the Yoast SEO plugin v26.4 - https:\/\/yoast.com\/wordpress\/plugins\/seo\/ -->\n<title>Guaviare: proteger la selva con la vida<\/title>\n<meta name=\"robots\" content=\"index, follow, max-snippet:-1, max-image-preview:large, max-video-preview:-1\" \/>\n<link rel=\"canonical\" href=\"https:\/\/tierraderesistentes.com\/es\/2020\/04\/22\/guaviare-proteger-la-selva-con-la-vida\/\" \/>\n<meta name=\"twitter:label1\" content=\"Written by\" \/>\n\t<meta name=\"twitter:data1\" content=\"Mar\u00eda Paula Murcia Huertas, Mutante\" \/>\n\t<meta name=\"twitter:label2\" content=\"Est. reading time\" \/>\n\t<meta name=\"twitter:data2\" content=\"81 minutos\" \/>\n<!-- \/ Yoast SEO plugin. -->","yoast_head_json":{"title":"Guaviare: proteger la selva con la vida","robots":{"index":"index","follow":"follow","max-snippet":"max-snippet:-1","max-image-preview":"max-image-preview:large","max-video-preview":"max-video-preview:-1"},"canonical":"https:\/\/tierraderesistentes.com\/es\/2020\/04\/22\/guaviare-proteger-la-selva-con-la-vida\/","twitter_misc":{"Written by":"Mar\u00eda Paula Murcia Huertas, Mutante","Est. reading time":"81 minutos"},"schema":{"@context":"https:\/\/schema.org","@graph":[{"@type":"Article","@id":"https:\/\/tierraderesistentes.com\/pt\/2020\/04\/22\/guaviare-proteger-la-selva-con-la-vida\/#article","isPartOf":{"@id":"https:\/\/tierraderesistentes.com\/pt\/2020\/04\/22\/guaviare-proteger-la-selva-con-la-vida\/"},"author":{"name":"Mar\u00eda Paula Murcia Huertas","@id":"https:\/\/tierraderesistentes.com\/es\/#\/schema\/person\/f36d892f0b84a2127e5d8c8b5db87bf2"},"headline":"Guaviare: proteger la selva con la vida","datePublished":"2020-04-22T03:09:00+00:00","dateModified":"2021-04-30T08:20:15+00:00","mainEntityOfPage":{"@id":"https:\/\/tierraderesistentes.com\/pt\/2020\/04\/22\/guaviare-proteger-la-selva-con-la-vida\/"},"wordCount":16283,"commentCount":15,"publisher":{"@id":"https:\/\/tierraderesistentes.com\/es\/#organization"},"image":{"@id":"https:\/\/tierraderesistentes.com\/pt\/2020\/04\/22\/guaviare-proteger-la-selva-con-la-vida\/#primaryimage"},"thumbnailUrl":"https:\/\/media.tierraderesistentes.com\/wp-content\/uploads\/2020\/03\/19210911\/DSC_0097.jpg","keywords":["Chiribiquete","coca","Conservaci\u00f3n","Fase II","ganader\u00eda","Pipe Q-ida","Tala"],"articleSection":["Colombia","Reportajes"],"inLanguage":"es","potentialAction":[{"@type":"CommentAction","name":"Comment","target":["https:\/\/tierraderesistentes.com\/pt\/2020\/04\/22\/guaviare-proteger-la-selva-con-la-vida\/#respond"]}]},{"@type":"WebPage","@id":"https:\/\/tierraderesistentes.com\/pt\/2020\/04\/22\/guaviare-proteger-la-selva-con-la-vida\/","url":"https:\/\/tierraderesistentes.com\/pt\/2020\/04\/22\/guaviare-proteger-la-selva-con-la-vida\/","name":"Guaviare: proteger la selva con la vida","isPartOf":{"@id":"https:\/\/tierraderesistentes.com\/es\/#website"},"primaryImageOfPage":{"@id":"https:\/\/tierraderesistentes.com\/pt\/2020\/04\/22\/guaviare-proteger-la-selva-con-la-vida\/#primaryimage"},"image":{"@id":"https:\/\/tierraderesistentes.com\/pt\/2020\/04\/22\/guaviare-proteger-la-selva-con-la-vida\/#primaryimage"},"thumbnailUrl":"https:\/\/media.tierraderesistentes.com\/wp-content\/uploads\/2020\/03\/19210911\/DSC_0097.jpg","datePublished":"2020-04-22T03:09:00+00:00","dateModified":"2021-04-30T08:20:15+00:00","breadcrumb":{"@id":"https:\/\/tierraderesistentes.com\/pt\/2020\/04\/22\/guaviare-proteger-la-selva-con-la-vida\/#breadcrumb"},"inLanguage":"es","potentialAction":[{"@type":"ReadAction","target":["https:\/\/tierraderesistentes.com\/pt\/2020\/04\/22\/guaviare-proteger-la-selva-con-la-vida\/"]}]},{"@type":"ImageObject","inLanguage":"es","@id":"https:\/\/tierraderesistentes.com\/pt\/2020\/04\/22\/guaviare-proteger-la-selva-con-la-vida\/#primaryimage","url":"https:\/\/media.tierraderesistentes.com\/wp-content\/uploads\/2020\/03\/19210911\/DSC_0097.jpg","contentUrl":"https:\/\/media.tierraderesistentes.com\/wp-content\/uploads\/2020\/03\/19210911\/DSC_0097.jpg","width":2000,"height":1333},{"@type":"BreadcrumbList","@id":"https:\/\/tierraderesistentes.com\/pt\/2020\/04\/22\/guaviare-proteger-la-selva-con-la-vida\/#breadcrumb","itemListElement":[{"@type":"ListItem","position":1,"name":"Home","item":"https:\/\/tierraderesistentes.com\/es\/"},{"@type":"ListItem","position":2,"name":"Guaviare: proteger a floresta com vida"}]},{"@type":"WebSite","@id":"https:\/\/tierraderesistentes.com\/es\/#website","url":"https:\/\/tierraderesistentes.com\/es\/","name":"Tierra de Resistentes | Consejo de Redacci\u00f3n","description":"Base de datos de defensores ambientales amenazados y asesinados en Latinoam\u00e9rica. Historias, fotograf\u00edas, videos y gr\u00e1ficos para entender la situaci\u00f3n de los resistentes.","publisher":{"@id":"https:\/\/tierraderesistentes.com\/es\/#organization"},"potentialAction":[{"@type":"SearchAction","target":{"@type":"EntryPoint","urlTemplate":"https:\/\/tierraderesistentes.com\/es\/?s={search_term_string}"},"query-input":{"@type":"PropertyValueSpecification","valueRequired":true,"valueName":"search_term_string"}}],"inLanguage":"es"},{"@type":"Organization","@id":"https:\/\/tierraderesistentes.com\/es\/#organization","name":"Tierra de resistentes","url":"https:\/\/tierraderesistentes.com\/es\/","logo":{"@type":"ImageObject","inLanguage":"es","@id":"https:\/\/tierraderesistentes.com\/es\/#\/schema\/logo\/image\/","url":"https:\/\/tierraderesistentes.com\/wp-content\/uploads\/2021\/01\/LogoEspanolAjustado-1.png","contentUrl":"https:\/\/tierraderesistentes.com\/wp-content\/uploads\/2021\/01\/LogoEspanolAjustado-1.png","width":1568,"height":944,"caption":"Tierra de resistentes"},"image":{"@id":"https:\/\/tierraderesistentes.com\/es\/#\/schema\/logo\/image\/"}},{"@type":"Person","@id":"https:\/\/tierraderesistentes.com\/es\/#\/schema\/person\/f36d892f0b84a2127e5d8c8b5db87bf2","name":"Mar\u00eda Paula Murcia Huertas","image":{"@type":"ImageObject","inLanguage":"es","@id":"https:\/\/tierraderesistentes.com\/es\/#\/schema\/person\/image\/e8f56cb0c5ddc7868fc48d7aeb69de35","url":"https:\/\/media.tierraderesistentes.com\/wp-content\/uploads\/2021\/02\/19212030\/Maria-Paula-Murcia-Colombia-150x150.jpg","contentUrl":"https:\/\/media.tierraderesistentes.com\/wp-content\/uploads\/2021\/02\/19212030\/Maria-Paula-Murcia-Colombia-150x150.jpg","caption":"Mar\u00eda Paula Murcia Huertas"},"description":"Editora de Comunidad en @MutanteOrg. Periodista y antrop\u00f3loga en formaci\u00f3n. Interesada en entender y explicar las relaciones humanas y las de los seres humanos con otras especies. Ha cubierto temas relacionados con la crisis clim\u00e1tica, luchas por la soberan\u00eda alimentaria y pueblos ind\u00edgenas de Colombia.","url":"https:\/\/tierraderesistentes.com\/es\/author\/maria-paula\/"}]}},"_links":{"self":[{"href":"https:\/\/tierraderesistentes.com\/es\/wp-json\/wp\/v2\/posts\/534","targetHints":{"allow":["GET"]}}],"collection":[{"href":"https:\/\/tierraderesistentes.com\/es\/wp-json\/wp\/v2\/posts"}],"about":[{"href":"https:\/\/tierraderesistentes.com\/es\/wp-json\/wp\/v2\/types\/post"}],"author":[{"embeddable":true,"href":"https:\/\/tierraderesistentes.com\/es\/wp-json\/wp\/v2\/users\/22"}],"replies":[{"embeddable":true,"href":"https:\/\/tierraderesistentes.com\/es\/wp-json\/wp\/v2\/comments?post=534"}],"version-history":[{"count":0,"href":"https:\/\/tierraderesistentes.com\/es\/wp-json\/wp\/v2\/posts\/534\/revisions"}],"wp:featuredmedia":[{"embeddable":true,"href":"https:\/\/tierraderesistentes.com\/es\/wp-json\/wp\/v2\/media\/5268"}],"wp:attachment":[{"href":"https:\/\/tierraderesistentes.com\/es\/wp-json\/wp\/v2\/media?parent=534"}],"wp:term":[{"taxonomy":"category","embeddable":true,"href":"https:\/\/tierraderesistentes.com\/es\/wp-json\/wp\/v2\/categories?post=534"},{"taxonomy":"post_tag","embeddable":true,"href":"https:\/\/tierraderesistentes.com\/es\/wp-json\/wp\/v2\/tags?post=534"},{"taxonomy":"author","embeddable":true,"href":"https:\/\/tierraderesistentes.com\/es\/wp-json\/wp\/v2\/coauthors?post=534"}],"curies":[{"name":"wp","href":"https:\/\/api.w.org\/{rel}","templated":true}]}}